{"id":118,"date":"2015-03-02T23:36:45","date_gmt":"2015-03-02T23:36:45","guid":{"rendered":"http:\/\/linksjugend-solid-bw.de\/emmendingen\/?p=118"},"modified":"2025-05-03T00:15:03","modified_gmt":"2025-05-03T00:15:03","slug":"blockupy-geht-in-die-nachste-runde","status":"publish","type":"post","link":"https:\/\/linksjugend-solid-bw.de\/emmendingen\/2015\/03\/02\/blockupy-geht-in-die-nachste-runde\/","title":{"rendered":"Blockupy geht in die n\u00e4chste Runde!"},"content":{"rendered":"<p>Am 18. M\u00e4rz 2015 will die Europ\u00e4ische Zentralbank (EZB) in Frankfurt am Main ihr neues Hauptquartier feierlich er\u00f6ffnen. Es gibt nichts zu feiern an Sparpolitik und Verarmung! Tausende von w\u00fctenden Menschen und entschlossenen Aktivist_innen aus ganz Europa werden daher die Stra\u00dfen rund um den Eurotower blockieren und dieses Event der Macht und des Kapitals unterbrechen. Wir werden ihre Party \u00fcbernehmen und sie in einen Ausdruck des transnationalen Widerstands verwandeln!<br \/>\n<a href=\"https:\/\/www.facebook.com\/l.php?u=https%3A%2F%2Fblockupy.org%2F&amp;h=TAQGKebLL&amp;enc=AZOXoHbYyoJjEx3hilUR619_3L0D38XWL7OT84sNOLBndBokIMuxj8ZpgIjiuVkk6_HiSc2SocRHv6vTEwK2HY3oT0pHfuHHZGc8AGbowiLG8vgrPM8ypxxiDsJRa50mWKQ4yA--dg_LZL5AuaRudYMg_4X8MhcovL38x59uXzTp9Q&amp;s=1\" target=\"_blank\" rel=\"nofollow\">https:\/\/blockupy.org\/<\/a><br \/>\nAuch wir von der Linksjugend [&#8217;solid] werden wieder dabei sein.<br \/>\nAus Freiburg wird durch das Blockupy B\u00fcndnis Freiburg eine gemeinsame Anreise erm\u00f6glicht: http:\/\/blockupyfreiburg.blogsport.eu\/<\/p>\n<p>&nbsp;<\/p>\n<p><iframe loading=\"lazy\" title=\"#18nulldrei - ich nehm mir frei! #1\" width=\"810\" height=\"456\" src=\"https:\/\/www.youtube.com\/embed\/vuOTQuSXYLE?list=PLF_s_W7RZIzwVDMt1Id7ED1ydKwoZByu2\" frameborder=\"0\" allow=\"accelerometer; autoplay; clipboard-write; encrypted-media; gyroscope; picture-in-picture; web-share\" referrerpolicy=\"strict-origin-when-cross-origin\" allowfullscreen><\/iframe><\/p>\n","protected":false},"excerpt":{"rendered":"<p>Am 18. M\u00e4rz 2015 will die Europ\u00e4ische Zentralbank (EZB) in Frankfurt am Main ihr neues Hauptquartier feierlich er\u00f6ffnen. Es gibt nichts zu feiern an Sparpolitik und Verarmung! Tausende von w\u00fctenden Menschen und entschlossenen Aktivist_innen aus<\/p>\n","protected":false},"author":7,"featured_media":0,"comment_status":"closed","ping_status":"open","sticky":false,"template":"","format":"standard","meta":{"jetpack_post_was_ever_published":false,"_jetpack_newsletter_access":"","_jetpack_dont_email_post_to_subs":false,"_jetpack_newsletter_tier_id":0,"_jetpack_memberships_contains_paywalled_content":false,"_jetpack_memberships_contains_paid_content":false,"footnotes":"","jetpack_publicize_message":"","jetpack_publicize_feature_enabled":true,"jetpack_social_post_already_shared":true,"jetpack_social_options":{"image_generator_settings":{"template":"highway","default_image_id":0,"font":"","enabled":false},"version":2},"_links_to":"","_links_to_target":""},"categories":[1],"tags":[],"class_list":["post-118","post","type-post","status-publish","format-standard","hentry","category-uncategorized"],"jetpack_publicize_connections":[],"jetpack_featured_media_url":"","jetpack_shortlink":"https:\/\/wp.me\/p4pQtL-1U","jetpack_sharing_enabled":true,"_links":{"self":[{"href":"https:\/\/linksjugend-solid-bw.de\/emmendingen\/wp-json\/wp\/v2\/posts\/118","targetHints":{"allow":["GET"]}}],"collection":[{"href":"https:\/\/linksjugend-solid-bw.de\/emmendingen\/wp-json\/wp\/v2\/posts"}],"about":[{"href":"https:\/\/linksjugend-solid-bw.de\/emmendingen\/wp-json\/wp\/v2\/types\/post"}],"author":[{"embeddable":true,"href":"https:\/\/linksjugend-solid-bw.de\/emmendingen\/wp-json\/wp\/v2\/users\/7"}],"replies":[{"embeddable":true,"href":"https:\/\/linksjugend-solid-bw.de\/emmendingen\/wp-json\/wp\/v2\/comments?post=118"}],"version-history":[{"count":1,"href":"https:\/\/linksjugend-solid-bw.de\/emmendingen\/wp-json\/wp\/v2\/posts\/118\/revisions"}],"predecessor-version":[{"id":119,"href":"https:\/\/linksjugend-solid-bw.de\/emmendingen\/wp-json\/wp\/v2\/posts\/118\/revisions\/119"}],"wp:attachment":[{"href":"https:\/\/linksjugend-solid-bw.de\/emmendingen\/wp-json\/wp\/v2\/media?parent=118"}],"wp:term":[{"taxonomy":"category","embeddable":true,"href":"https:\/\/linksjugend-solid-bw.de\/emmendingen\/wp-json\/wp\/v2\/categories?post=118"},{"taxonomy":"post_tag","embeddable":true,"href":"https:\/\/linksjugend-solid-bw.de\/emmendingen\/wp-json\/wp\/v2\/tags?post=118"}],"curies":[{"name":"wp","href":"https:\/\/api.w.org\/{rel}","templated":true}]}}