{"id":28,"date":"2014-03-07T12:03:30","date_gmt":"2014-03-07T12:03:30","guid":{"rendered":"http:\/\/linksjugend-solid-bw.de\/emmendingen\/?p=28"},"modified":"2025-05-03T00:15:46","modified_gmt":"2025-05-03T00:15:46","slug":"fur-ein-humanitares-bleiberecht-stoppt-die-abschiebungen","status":"publish","type":"post","link":"https:\/\/linksjugend-solid-bw.de\/emmendingen\/2014\/03\/07\/fur-ein-humanitares-bleiberecht-stoppt-die-abschiebungen\/","title":{"rendered":"F\u00fcr ein humanit\u00e4res Bleiberecht: Stoppt die Abschiebungen!"},"content":{"rendered":"<p><em><a href=\"http:\/\/linksjugend-solid-bw.de\/freiburg\/wp-content\/uploads\/sites\/3\/2014\/02\/bleiberecht_2014.jpg\"><img loading=\"lazy\" decoding=\"async\" class=\"alignleft\" alt=\"plakat\" src=\"http:\/\/linksjugend-solid-bw.de\/freiburg\/wp-content\/uploads\/sites\/3\/2014\/02\/bleiberecht_2014-210x300.jpg\" width=\"210\" height=\"300\" \/><\/a>Wir unterst\u00fctzen den Aufruf der Aktion Bleiberecht Freiburg zur Demo gegen Abschiebung und f\u00fcr soziale und politische Rechte. Start ist am 15. M\u00e4rz, 14 Uhr an der Johanneskirche Freiburg. Beteiligt Euch!<\/em><\/p>\n<p>&nbsp;<\/p>\n<p><strong>Niemand flieht ohne Grund<\/strong><\/p>\n<p><strong>F\u00fcr ein humanit\u00e4res Bleiberecht: Stoppt die Abschiebung!<\/strong><\/p>\n<div title=\"Page 2\">\n<p>F\u00fcr etwa 500 Roma in Freiburg ist die \u201eAbschiebung\u201c nur vor\u00fcbergehend \u201eausgesetzt\u201c. Von Mitte Dezember bis Ende Februar bestand zumindest ein sogenannter Winterabschiebestopp f\u00fcr die meisten Familien mit Kindern. Zurzeit verdichten sich jedoch die Hinweise, dass es ab M\u00e4rz 2014 zu verst\u00e4rkten Ausreiseaufforderungen und Abschiebungen kommen wird.<\/p>\n<p>&nbsp;<\/p>\n<p>Wir wollen gemeinsam ein deutliches Zeichen gegen Abschiebung setzen und fordern einen humaneren Umgang mit Fl\u00fcchtlingen!<br \/>\nIn vielen Balkanl\u00e4ndern sind Roma die am st\u00e4rksten diskriminierte Bev\u00f6lkerungsgruppe. Sie sind in ihren sozialen, wirtschaftlichen und kulturellen Lebenschancen bedroht. Doch wenn sie auf Grund dieser sozialrechtlichen Diskriminierung nach Europa fliehen, finden sie auch hier kein Geh\u00f6r. Politischer Protest ist notwendig!<\/p>\n<p>&nbsp;<\/p>\n<p>Im Koalitionsvertrag zwischen SPD und Gr\u00fcnen in Baden-W\u00fcrttemberg 2011 war der Abschnitt zur Fl\u00fcchtlingspolitik noch mit \u201eHumanit\u00e4t hat Vorrang\u201c \u00fcberschrieben. Die Realit\u00e4t sieht allerdings anders aus.<\/p>\n<p>Asylablehnungen werden wie am Flie\u00dfband erteilt. So haben im Jahr 2013 2514 Roma aus dem Kosovo Asyl beantragt. Nur in 0,8 Prozent der<\/p>\n<p>F\u00e4lle wurde ein Abschiebungsverbot festgestellt. Sollten unter der neuen Bundesregierung nun einige Balkanstaaten als sichere Herkunftsl\u00e4nder definiert werden, ist ein Asylverfahren gar nicht mehr m\u00f6glich.<br \/>\nWir fordern ein humanit\u00e4res Bleiberecht konkret ein!<\/p>\n<p>&nbsp;<\/p>\n<p><strong>Niemand flieht ohne Grund!<\/strong><br \/>\n<strong>Deshalb demonstrieren wir am 15. M\u00e4rz gegen Abschiebung und f\u00fcr soziale und politische Rechte!<\/strong><\/p>\n<p><strong>Start 14h Johanneskirche Freiburg\u00a0<\/strong><\/p>\n<p>&nbsp;<\/p>\n<p><a title=\"Aktion Bleiberecht\" href=\"http:\/\/www.aktionbleiberecht.de\/?p=5537\">http:\/\/www.aktionbleiberecht.de\/?p=5537<\/a><\/p>\n<\/div>\n","protected":false},"excerpt":{"rendered":"<p>Wir unterst\u00fctzen den Aufruf der Aktion Bleiberecht Freiburg zur Demo gegen Abschiebung und f\u00fcr soziale und politische Rechte. Start ist am 15. M\u00e4rz, 14 Uhr an der Johanneskirche Freiburg. Beteiligt Euch! &nbsp; Niemand flieht ohne<\/p>\n","protected":false},"author":1,"featured_media":0,"comment_status":"closed","ping_status":"open","sticky":false,"template":"","format":"standard","meta":{"jetpack_post_was_ever_published":false,"_jetpack_newsletter_access":"","_jetpack_dont_email_post_to_subs":false,"_jetpack_newsletter_tier_id":0,"_jetpack_memberships_contains_paywalled_content":false,"_jetpack_memberships_contains_paid_content":false,"footnotes":"","jetpack_publicize_message":"","jetpack_publicize_feature_enabled":true,"jetpack_social_post_already_shared":true,"jetpack_social_options":{"image_generator_settings":{"template":"highway","default_image_id":0,"font":"","enabled":false},"version":2},"_links_to":"","_links_to_target":""},"categories":[5],"tags":[],"class_list":["post-28","post","type-post","status-publish","format-standard","hentry","category-aufruf"],"jetpack_publicize_connections":[],"jetpack_featured_media_url":"","jetpack_shortlink":"https:\/\/wp.me\/p4pQtL-s","jetpack_sharing_enabled":true,"_links":{"self":[{"href":"https:\/\/linksjugend-solid-bw.de\/emmendingen\/wp-json\/wp\/v2\/posts\/28","targetHints":{"allow":["GET"]}}],"collection":[{"href":"https:\/\/linksjugend-solid-bw.de\/emmendingen\/wp-json\/wp\/v2\/posts"}],"about":[{"href":"https:\/\/linksjugend-solid-bw.de\/emmendingen\/wp-json\/wp\/v2\/types\/post"}],"author":[{"embeddable":true,"href":"https:\/\/linksjugend-solid-bw.de\/emmendingen\/wp-json\/wp\/v2\/users\/1"}],"replies":[{"embeddable":true,"href":"https:\/\/linksjugend-solid-bw.de\/emmendingen\/wp-json\/wp\/v2\/comments?post=28"}],"version-history":[{"count":2,"href":"https:\/\/linksjugend-solid-bw.de\/emmendingen\/wp-json\/wp\/v2\/posts\/28\/revisions"}],"predecessor-version":[{"id":30,"href":"https:\/\/linksjugend-solid-bw.de\/emmendingen\/wp-json\/wp\/v2\/posts\/28\/revisions\/30"}],"wp:attachment":[{"href":"https:\/\/linksjugend-solid-bw.de\/emmendingen\/wp-json\/wp\/v2\/media?parent=28"}],"wp:term":[{"taxonomy":"category","embeddable":true,"href":"https:\/\/linksjugend-solid-bw.de\/emmendingen\/wp-json\/wp\/v2\/categories?post=28"},{"taxonomy":"post_tag","embeddable":true,"href":"https:\/\/linksjugend-solid-bw.de\/emmendingen\/wp-json\/wp\/v2\/tags?post=28"}],"curies":[{"name":"wp","href":"https:\/\/api.w.org\/{rel}","templated":true}]}}