{"id":139,"date":"2021-03-31T18:26:43","date_gmt":"2021-03-31T18:26:43","guid":{"rendered":"http:\/\/linksjugend-solid-bw.de\/esslingen\/?p=139"},"modified":"2021-03-31T18:29:41","modified_gmt":"2021-03-31T18:29:41","slug":"handlungsaufruf-klimaschutz","status":"publish","type":"post","link":"https:\/\/linksjugend-solid-bw.de\/esslingen\/2021\/03\/31\/handlungsaufruf-klimaschutz\/","title":{"rendered":"Handlungsaufruf Klimaschutz"},"content":{"rendered":"\n<p>Heute m\u00fcssen viele Menschen am eigenen Leib erfahren, wie hart sich eine<br>Pandemie\/Krise auf unser allt\u00e4gliches Leben aus\u00fcbt. Doch steht eine noch viel gr\u00f6\u00dfere Krise vor unserer T\u00fcre: ,,Die Klimakrise\u2018\u2018.<\/p>\n\n\n\n<p><br>Seit der Industriellen Revolution ist das Klima im Durchschnitt schon um 1\u00b0C gestiegen und es steigt rasant weiter. Dies hat schon heute gravierende Folgen: Gro\u00dfbr\u00e4nde in Australien, Tsunamis auf Hawaii, D\u00fcrre in Deutschland und seit 1992 sind bereits 4 Trillionen Tonnen Eis verschwunden. Doch die Menschheit schaut weg.<br>Bei einen CO<sub>2<\/sub> Aussto\u00df pro Person von 7,9 Tonnen in Deutschland und 4,8 Tonnen weltweit wird die Temperatur in k\u00fcrzester Zeit steigen. Schon jetzt gibt es Prognosen, dass das 1,5\u00b0C Ziel vom Pariser Klimaabkommen schon in ca. 11 Jahren \u00fcberschritten wird.<br>Ab diesen Zeitpunkt wird der Klimawandel fast unaufhaltsam!<br>Aber was tun?<\/p>\n\n\n\n<p><br>Wir von der Solid Esslingen sehen die M\u00f6glichkeit etwas zu tun bei jedem einzelnen von uns. Wenn wir alle mit den kleinen Dingen anfangen k\u00f6nnen, wir gro\u00dfes bewirken. Wenn dann die Politik auch noch wirtschaftliche Rahmenbedingungen stellt, k\u00f6nnen wir es schaffen<br>eine gesunde Welt an unsere Enkel weiter zu geben.<\/p>\n\n\n\n<p><br><span style=\"text-decoration: underline\">5 kleine Klimaverbesserer:<\/span><\/p>\n\n\n\n<ul class=\"wp-block-list\"><li><strong>Weniger Auto fahren stattdessen mehr \u00d6PNV\/Fahrrad nutzen<\/strong><br>\u2022 Dadurch wird der unn\u00f6tige Aussto\u00df von Treibhausgasen\/CO<sub>\u00b2<\/sub> verringert<br>\u2022 Am Einfachsten wendet man dies auf kurze Distanzen wie z.B. zum Einkaufen an.<\/li><li><strong>Verpackungsm\u00fcll vermeiden<\/strong><br>\u2022 Plastikm\u00fcll zerst\u00f6rt unsere \u00d6kosysteme, das schadet nicht nur dem Klima sondern auch der Artenvielfalt.<br>\u2022 Am einfachsten verwendet man Stoffbeutel zum einkaufen und greift lieber zur unverpackten Ware als zur Verpackten.<\/li><li><strong>Weniger Tierprodukte konsumieren<\/strong><br>\u2022 Hinter einem Kilo Rindfleisch stecken 3,9 &#8211; 9,4 kg Getreide, 15.400l Wasser, 22 kg Treibhausgase, sowie 27 &#8211; 49 m\u00b2 Nutzfl\u00e4che.<br>\u2022 Man muss nicht komplett auf alles verzichten, man muss nur den Konsum von Tierprodukten stark herunterfahren. Das ist mit Ern\u00e4hrungsmodellen wie mit dem der ,,Planetary Health Diet\u201c m\u00f6glich.<\/li><li><strong>Aufs Fliegen verzichten<\/strong><br>\u2022 Fliegen ist 5 mal umweltsch\u00e4dlicher als Zug fahren.<br>\u2022 Vor allem Kurzstreckenfl\u00fcge sollten vermieden werden.<\/li><li><strong>Saisonal und regional einkaufen<\/strong><br>\u2022 Lange Transportwege f\u00fchren zu einem hohen Aussto\u00df an Treibhausgasen.<br><\/li><\/ul>\n\n\n\n<p><span style=\"text-decoration: underline\">5 gro\u00dfe Klimaforderungen:<\/span><\/p>\n\n\n\n<ul class=\"wp-block-list\"><li><strong>Flugverkehr reduzieren:<\/strong><ul><li>Wir treten f\u00fcr ein striktes Nachtflugverbot von 22 bis 6 Uhr ein und wollen den innerdeutschen und innereurop\u00e4ischen Flugverkehr so weit wie m\u00f6glich auf die Schiene verlagern.<\/li><\/ul><\/li><li><strong>Mobilit\u00e4t f\u00fcr alle \u2013 mit weniger Verkehr<\/strong><ul><li>Mobilit\u00e4t bedeutet Teilhabe am gesellschaftlichen Leben. Wir wollen wirklich barrierefreie Mobilit\u00e4t: niemand darf auf das (eigene) Auto angewiesen sein; alle m\u00fcssen Zugang haben. Deshalb steht f\u00fcr uns das \u00f6ffentliche Mobilit\u00e4tsangebot im Zentrum.<\/li><\/ul><\/li><li><strong>In erneuerbare Energie investieren, Energiekonzerne entmachten<\/strong><ul><li>Die Energiewende wird nur dann erfolgreich sein, wenn sie sozial gerecht und durch die B\u00fcrgerinnen und B\u00fcrger selbst gestaltet ist.<\/li><\/ul><\/li><li><strong>F\u00fcr eine nachhaltige Agrarwirtschaft und gesunde Nahrungsmittel f\u00fcr alle<\/strong><ul><li>Wir wollen eine \u00f6kologisch vertr\u00e4gliche Lebensweise f\u00fcr alle Menschen erm\u00f6glichen und bezahlbar machen.<\/li><\/ul><\/li><li><strong>Mehr \u00f6kologisch bauen:<\/strong><ul><li>Durch effektiveres und nachhaltigeres Bauen, kann ein hoher Anteil an Bauschutt eingespart werden. Dies schont die nat\u00fcrlichen Ressourcen.<\/li><\/ul><\/li><\/ul>\n\n\n\n<p><strong>Jetzt muss gehandelt werden! Deswegen fordern wir alle auf jetzt mit zu helfen!<\/strong><\/p>\n\n\n\n<p><br>Julian Ostertag, Nils Aldinger<br>[\u2018solid] Esslingen<\/p>\n","protected":false},"excerpt":{"rendered":"<p>Heute m\u00fcssen viele Menschen am eigenen Leib erfahren, wie hart sich einePandemie\/Krise auf unser allt\u00e4gliches Leben aus\u00fcbt. Doch steht eine noch viel gr\u00f6\u00dfere Krise vor unserer T\u00fcre: ,,Die Klimakrise\u2018\u2018. Seit der Industriellen Revolution ist das<\/p>\n","protected":false},"author":91,"featured_media":0,"comment_status":"open","ping_status":"open","sticky":false,"template":"","format":"standard","meta":{"jetpack_post_was_ever_published":false,"_jetpack_newsletter_access":"","_jetpack_dont_email_post_to_subs":false,"_jetpack_newsletter_tier_id":0,"_jetpack_memberships_contains_paywalled_content":false,"_jetpack_memberships_contains_paid_content":false,"footnotes":"","jetpack_publicize_message":"","jetpack_publicize_feature_enabled":true,"jetpack_social_post_already_shared":true,"jetpack_social_options":{"image_generator_settings":{"template":"highway","default_image_id":0,"font":"","enabled":false},"version":2},"_links_to":"","_links_to_target":""},"categories":[1],"tags":[],"class_list":["post-139","post","type-post","status-publish","format-standard","hentry","category-uncategorized"],"jetpack_publicize_connections":[],"jetpack_featured_media_url":"","jetpack_sharing_enabled":true,"jetpack_shortlink":"https:\/\/wp.me\/p4o1qP-2f","_links":{"self":[{"href":"https:\/\/linksjugend-solid-bw.de\/esslingen\/wp-json\/wp\/v2\/posts\/139","targetHints":{"allow":["GET"]}}],"collection":[{"href":"https:\/\/linksjugend-solid-bw.de\/esslingen\/wp-json\/wp\/v2\/posts"}],"about":[{"href":"https:\/\/linksjugend-solid-bw.de\/esslingen\/wp-json\/wp\/v2\/types\/post"}],"author":[{"embeddable":true,"href":"https:\/\/linksjugend-solid-bw.de\/esslingen\/wp-json\/wp\/v2\/users\/91"}],"replies":[{"embeddable":true,"href":"https:\/\/linksjugend-solid-bw.de\/esslingen\/wp-json\/wp\/v2\/comments?post=139"}],"version-history":[{"count":3,"href":"https:\/\/linksjugend-solid-bw.de\/esslingen\/wp-json\/wp\/v2\/posts\/139\/revisions"}],"predecessor-version":[{"id":142,"href":"https:\/\/linksjugend-solid-bw.de\/esslingen\/wp-json\/wp\/v2\/posts\/139\/revisions\/142"}],"wp:attachment":[{"href":"https:\/\/linksjugend-solid-bw.de\/esslingen\/wp-json\/wp\/v2\/media?parent=139"}],"wp:term":[{"taxonomy":"category","embeddable":true,"href":"https:\/\/linksjugend-solid-bw.de\/esslingen\/wp-json\/wp\/v2\/categories?post=139"},{"taxonomy":"post_tag","embeddable":true,"href":"https:\/\/linksjugend-solid-bw.de\/esslingen\/wp-json\/wp\/v2\/tags?post=139"}],"curies":[{"name":"wp","href":"https:\/\/api.w.org\/{rel}","templated":true}]}}