{"id":193,"date":"2015-12-13T09:21:53","date_gmt":"2015-12-13T09:21:53","guid":{"rendered":"http:\/\/linksjugend-solid-bw.de\/goeppingen_geislingen\/?p=193"},"modified":"2015-12-13T09:25:37","modified_gmt":"2015-12-13T09:25:37","slug":"presseerklarung-2","status":"publish","type":"post","link":"https:\/\/linksjugend-solid-bw.de\/goeppingen_geislingen\/2015\/12\/13\/presseerklarung-2\/","title":{"rendered":"PRESSEERKL\u00c4RUNG:"},"content":{"rendered":"<h4 id=\"magicdomid120\" class=\"ace-line\"><span class=\"\">Petry Heil! Jetzt auch in S\u00fc\u00dfen<\/span><\/h4>\n<h5 id=\"magicdomid121\" class=\"ace-line\"><\/h5>\n<div id=\"magicdomid122\" class=\"ace-line\"><\/div>\n<div id=\"magicdomid125\" class=\"ace-line\"><span class=\"\">Die AfD, selbsterkl\u00e4rte Verteidigerin der Deutschen Werte und salonf\u00e4hig gemachter Ableger der NPD &#8211; Sammelbecken f\u00fcr \u00b4Besorgte B\u00fcrger\u00b4 und Faschisten gleicherma\u00dfen &#8211; hat mit dem Besuch Frauke Petrys in S\u00fc\u00dfen letzten Sonntag den Wahlkampf er\u00f6ffnet.<\/span><\/div>\n<h5 class=\"ace-line\"><\/h5>\n<div id=\"magicdomid128\" class=\"ace-line\"><span class=\"\">Obwohl die braunen Gedanken frei in die Welt hinausgetragen werden und offen der Hass gegen Fl\u00fcchtlinge und Andersdenkende gesch\u00fcrt wird, bleibt nur zu hoffen, dass es gr\u00f6\u00dftenteils Unwissenheit war, welche die rund 150 BesucherInnen in die F\u00e4nge dieser geistigen Brandstifter trieb &#8211; denn den &#8220;Unwissenden&#8221; kann geholfen werden:<\/span><\/div>\n<h5 class=\"ace-line\"><\/h5>\n<div id=\"magicdomid129\" class=\"ace-line\"><span class=\"\">Ja, es geht den Menschen hierzulande immer schlechter. Ja, die Schere zwischen Arm und Reich geht immer weiter auseinander. Wegfall der Mittelschicht, Sklaverei in Zeitarbeitsfirmen, Hartz IV &#8211; diese Schrecken sind real, aber sie werden nicht durch die Schwachen und Bed\u00fcrftigen hervorgerufen! Nicht von jenen Menschen, denen es noch wesentlich schlechter geht und die auf Grund von Krieg und Terror aus ihrer Heimat fliehen und alles zur\u00fccklassen mussten. Es sind nicht solche Menschen, die sich am Leid anderer bereichern, denn nur eine Umverteilung von OBEN NACH UNTEN kann diese Ungerechtigkeit beseitigen!<\/span><\/div>\n<div id=\"magicdomid132\" class=\"ace-line\"><span class=\"\">Wie schon die NSDAP scheint die AfD ihre Aufgabe darin zu sehen, von den eigentlichen Verursachern der sozialen Verwerfungen abzulenken, indem sie den Fokus auf unterdr\u00fcckte Randgruppen lenkt; auf all jene, die sich in der kuschlig-spie\u00dfigen Biedermeier-Welt deutscher &#8220;Werte&#8221; nicht zu Hause f\u00fchlen.<\/span><\/div>\n<div class=\"ace-line\"><\/div>\n<h1 class=\"ace-line\"><\/h1>\n<div class=\"ace-line\"><span class=\"\">Ren\u00e9 Niess<\/span><\/div>\n<div id=\"magicdomid133\" class=\"ace-line\"><span class=\"i\"><i>Sprecher linksjugend [&#8216;solid]<\/i><\/span><\/div>\n<div id=\"magicdomid134\" class=\"ace-line\"><span class=\"i\"><i>G\u00f6ppingen &amp; Geislingen<\/i><\/span><\/div>\n","protected":false},"excerpt":{"rendered":"<p>Petry Heil! Jetzt auch in S\u00fc\u00dfen Die AfD, selbsterkl\u00e4rte Verteidigerin der Deutschen Werte und salonf\u00e4hig gemachter Ableger der NPD &#8211; Sammelbecken f\u00fcr \u00b4Besorgte B\u00fcrger\u00b4 und Faschisten gleicherma\u00dfen &#8211; hat mit dem Besuch Frauke Petrys in<\/p>\n","protected":false},"author":59,"featured_media":0,"comment_status":"open","ping_status":"open","sticky":false,"template":"","format":"standard","meta":{"_jetpack_newsletter_access":"","_jetpack_dont_email_post_to_subs":false,"_jetpack_newsletter_tier_id":0,"_jetpack_memberships_contains_paywalled_content":false,"_jetpack_memberships_contains_paid_content":false,"footnotes":"","_links_to":"","_links_to_target":""},"categories":[4],"tags":[17,19,18],"class_list":["post-193","post","type-post","status-publish","format-standard","hentry","category-pm","tag-afd","tag-frauke-petry","tag-susen"],"jetpack_featured_media_url":"","jetpack_sharing_enabled":true,"jetpack_shortlink":"https:\/\/wp.me\/p671Hq-37","_links":{"self":[{"href":"https:\/\/linksjugend-solid-bw.de\/goeppingen_geislingen\/wp-json\/wp\/v2\/posts\/193","targetHints":{"allow":["GET"]}}],"collection":[{"href":"https:\/\/linksjugend-solid-bw.de\/goeppingen_geislingen\/wp-json\/wp\/v2\/posts"}],"about":[{"href":"https:\/\/linksjugend-solid-bw.de\/goeppingen_geislingen\/wp-json\/wp\/v2\/types\/post"}],"author":[{"embeddable":true,"href":"https:\/\/linksjugend-solid-bw.de\/goeppingen_geislingen\/wp-json\/wp\/v2\/users\/59"}],"replies":[{"embeddable":true,"href":"https:\/\/linksjugend-solid-bw.de\/goeppingen_geislingen\/wp-json\/wp\/v2\/comments?post=193"}],"version-history":[{"count":6,"href":"https:\/\/linksjugend-solid-bw.de\/goeppingen_geislingen\/wp-json\/wp\/v2\/posts\/193\/revisions"}],"predecessor-version":[{"id":199,"href":"https:\/\/linksjugend-solid-bw.de\/goeppingen_geislingen\/wp-json\/wp\/v2\/posts\/193\/revisions\/199"}],"wp:attachment":[{"href":"https:\/\/linksjugend-solid-bw.de\/goeppingen_geislingen\/wp-json\/wp\/v2\/media?parent=193"}],"wp:term":[{"taxonomy":"category","embeddable":true,"href":"https:\/\/linksjugend-solid-bw.de\/goeppingen_geislingen\/wp-json\/wp\/v2\/categories?post=193"},{"taxonomy":"post_tag","embeddable":true,"href":"https:\/\/linksjugend-solid-bw.de\/goeppingen_geislingen\/wp-json\/wp\/v2\/tags?post=193"}],"curies":[{"name":"wp","href":"https:\/\/api.w.org\/{rel}","templated":true}]}}