{"id":219,"date":"2016-02-23T05:13:41","date_gmt":"2016-02-23T05:13:41","guid":{"rendered":"http:\/\/linksjugend-solid-bw.de\/goeppingen_geislingen\/?p=219"},"modified":"2016-02-23T05:14:17","modified_gmt":"2016-02-23T05:14:17","slug":"erneute-gegendemo-zur-afd-veranstaltung-fr-26-02-stadthalle-goppingen-18-uhr","status":"publish","type":"post","link":"https:\/\/linksjugend-solid-bw.de\/goeppingen_geislingen\/2016\/02\/23\/erneute-gegendemo-zur-afd-veranstaltung-fr-26-02-stadthalle-goppingen-18-uhr\/","title":{"rendered":"Erneute Gegendemo zur AfD-Veranstaltung \u2013 Fr. 26.02. Stadthalle G\u00f6ppingen 18 Uhr"},"content":{"rendered":"<p><em><strong>Die AfD ist erneut in unserem Kreis aktiv<\/strong> <\/em><br \/>\n<em>&#8211; es folgt der Aufruf zur Gegendemo der Partei DIE LINKE KV G\u00f6ppingen &amp; Geislingen:<\/em><\/p>\n<p><a href=\"http:\/\/linksjugend-solid-bw.de\/goeppingen_geislingen\/wp-content\/uploads\/sites\/14\/2016\/02\/e04353c75f.jpg\" rel=\"attachment wp-att-220\"><img loading=\"lazy\" decoding=\"async\" class=\"alignnone size-medium wp-image-220\" src=\"http:\/\/linksjugend-solid-bw.de\/goeppingen_geislingen\/wp-content\/uploads\/sites\/14\/2016\/02\/e04353c75f-300x300.jpg\" alt=\"no afd\" width=\"300\" height=\"300\" srcset=\"https:\/\/linksjugend-solid-bw.de\/goeppingen_geislingen\/wp-content\/uploads\/sites\/14\/2016\/02\/e04353c75f-300x300.jpg 300w, https:\/\/linksjugend-solid-bw.de\/goeppingen_geislingen\/wp-content\/uploads\/sites\/14\/2016\/02\/e04353c75f-150x150.jpg 150w, https:\/\/linksjugend-solid-bw.de\/goeppingen_geislingen\/wp-content\/uploads\/sites\/14\/2016\/02\/e04353c75f-90x90.jpg 90w, https:\/\/linksjugend-solid-bw.de\/goeppingen_geislingen\/wp-content\/uploads\/sites\/14\/2016\/02\/e04353c75f.jpg 500w\" sizes=\"auto, (max-width: 300px) 100vw, 300px\" \/><\/a><\/p>\n<p>&nbsp;<\/p>\n<h3><strong>PRESSEMITTEILUNG:<\/strong><\/h3>\n<h2><strong>DEMONSTRATIONSAUFRUF, Freitag, den 26. Februar 2016 vor der G\u00f6ppinger Stadthalle: <\/strong><\/h2>\n<h3><span style=\"color: #ff0000\"><strong>F\u00dcR<\/strong><strong> &#8211; HUMANIT\u00c4T UND VIELFALT\u00a0 GEGEN &#8211; Rassismus \/ AfD \/ &#8220;Besorgniserregende B\u00fcrger&#8221;<\/strong><\/span><\/h3>\n<p>Am Freitag, den 26. Februar 2016, h\u00e4lt der G\u00f6ppinger Kreisverband der rechtspopulistischen \u201eAlternative f\u00fcr Deutschland\u201c (AfD) eine Wahlveranstaltung in der G\u00f6ppinger Stadthalle &#8211; Klosterneuburg Saal, ab. Es ist zu vermuten, dass wie in vielz\u00e4hligen solchen Veranstaltungen Land auf und ab, dann rassistische Hetze zentrales Wahlkampfthema sein wird, wobei der AfD die zahlreichen Willkommensinitiativen im Landkreis und der solidarische Kampf mit und f\u00fcr die hier lebenden Gefl\u00fcchteten ein besonderer Dorn im Auge ist.<\/p>\n<p><strong>Rechtspopulismus stoppen!<\/strong><\/p>\n<p>Die AfD steht f\u00fcr eine Politik, die von autorit\u00e4ren Denkmustern und nationalistischer \u00dcberheblichkeit gekennzeichnet ist. Daf\u00fcr werden markt-liberale Positionen durch Rassismus, Sexismus und Nationalismus erg\u00e4nzt. Die AfD propagiert die Bevorzugung des eigenen nationalen Kollektivs gegen\u00fcber dem Rest der Menschheit.<\/p>\n<p>Passend zu dieser Rhetorik suchen gro\u00dfe Teile der AfD gezielt den Schulterschluss zu den Demonstrationen der rassistischen und nationalistischen \u201ePEGIDA\u201c-Bewegung (Patriotische Europ\u00e4er gegen die Islamisierung des Abendlandes), deren Teilnehmer_innen gegen alles mobilisieren, was sie als fremd empfinden. Mit diesem Vorgehen hatte die AfD ebenso Erfolg, wie mit ihrer b\u00fcrgerlich-rechten Eurokritik oder der immer wieder gesch\u00fcrten Angst, es w\u00fcrde sich nicht ausreichend um die \u201eInteressen des Volkes\u201c gek\u00fcmmert werden. Sie benutzen uninformierte B\u00fcrger_innen, indem sie Angst sch\u00fcren, als die Gruppe der sogenannten &#8220;Besorgten B\u00fcrger&#8221;. Das Anwachsen dieser Bev\u00f6lkerungsgruppe macht diese zu:<\/p>\n<p><strong>&#8220;BESORGNISERREGENDEN B\u00dcRGER_INNEN&#8221;! &#8211; Nationalismus ist keine Alternative!<\/strong><\/p>\n<p>Seit ihrer Gr\u00fcndung im Februar 2013 ging es mit der AfD stetig aufw\u00e4rts. Mittlerweile ist die Partei in vier Landtagen und im Europaparlament vertreten. \u00d6ffentlich fand und findet eine wiederholte \u201eDistanzierung\u201c der Parteispitze von Neonazis statt. Durch ein b\u00fcrgerlicheres Auftreten, als es etwa von der NPD praktiziert wird, schafft es die AfD, den Unmut \u00fcber die aktuelle EU-Politik und die existenziellen Bedrohungen und Verunsicherungen im Zuge der andauernden globalen Krise der kapitalistischen \u00d6konomie einzufangen und in nationalistische Bahnen zu lenken. Soziale Konflikte werden auf diese Art in nationale umgedeutet.<\/p>\n<p>All das blieb nicht ohne Auswirkungen: Durch die bisherigen Wahlerfolge der AfD haben andere Parteien l\u00e4ngst nachgezogen. Diese bedienen sich nur allzu dankbar an rechten Ressentiments und autorit\u00e4rer Politik, die schon immer Platz in ihren Reihen hatten. So findet der Aufstieg der AfD parallel zum Wandel des gesamtgesellschaftlichen Klimas statt. Offen nationalistische \u00c4u\u00dferungen sind in der \u00d6ffentlichkeit pr\u00e4senter und direkte Angriffe auf Gefl\u00fcchtete und ihre Wohnr\u00e4ume fast allt\u00e4glich geworden.<\/p>\n<p><strong>Rassismus blockieren!<\/strong><\/p>\n<p>Mit Schlagw\u00f6rtern wie \u201eSozialtourismus\u201c und \u201eArmutsmigration\u201c wird Gefl\u00fcchteten kollektiv unterstellt, von deutschen Sozialsystemen nur profitieren zu wollen. Dar\u00fcber hinaus w\u00fcrden sie keinen Beitrag zum nationalen Wohlstand leisten. Die AfD fordert, \u00fcber die Aufnahme von Menschen in Deutschland anhand ihrer Qualifikation und wirtschaftlichen Verwertbarkeit zu entscheiden.<\/p>\n<p>W\u00e4hrend die rassistische Hetze der AfD haupts\u00e4chlich auf kulturalistischen und wirtschaftlichen Argumentationen beruht, ist sie doch nah am v\u00f6lkischen Rassismus der Neonazis. Der nieders\u00e4chsische Landesvorsitzende der AfD, Armin Paul Hampel, \u00e4u\u00dferte sich z.B dementsprechend: <em>\u201cZuwanderung h\u00f6rt da auf, wo die Identit\u00e4t eines Volkes verloren geht\u201d und schwadronierte \u00fcber den \u201cgnadenlosen Selbsthass\u201d<\/em> der politischen Elite in Deutschland: <em>\u201cF\u00fcr sie muss Zuwanderung her, damit die Deutschen in einem gro\u00dfen europ\u00e4ischen Brei aufgehen.\u201d <\/em>Im Januar diesen Jahres offenbarte er in einem Interview seine rassistische Einstellung mit dem Satz: <em>\u201cWenn Zuwanderung nicht gebremst werde, dann ver\u00e4ndere sich die Identit\u00e4t einer Gesellschaft\u201d. <\/em>Solche rassistischen Ausbr\u00fcche sind keine Einzelf\u00e4lle in der AfD und sollen anschlussf\u00e4hig f\u00fcr den deutschen Mob und die Nazis sein, die zurzeit in der ganzen BRD gegen Asylsuchendenheime hetzen.<\/p>\n<p>Mit ihren Positionen versucht die AfD das Wahlklientel zu bedienen, welches im Zuge der Krise eigene Verlust- und Abstiegs\u00e4ngste kultiviert hat: Bestehende Ressentiments werden bedient, man inszeniert sich als Vertretung des \u201ekleinen deutschen Mannes\u201c, die endlich einmal \u00f6ffentlich ausspricht, was sonst vor allem an Stammtischen vertreten wird.<\/p>\n<p><strong>Alternativen aufzeigen: Keine Ruhe f\u00fcr die AfD!<\/strong><\/p>\n<p>Wir erteilen rassistischen, sozialchauvinistischen, nationalistischen, sexistischen und anti-emanzipatorischen Positionen eine Absage \u2013 egal von welchen Parteien oder Organisationen sie ge\u00e4u\u00dfert werden. Wir werden uns dem entschieden entgegenstellen und der AfD keinen Raum f\u00fcr ihre rassistische Hetze geben.<\/p>\n<p><strong>Die Bild fragt heute &#8220;wer den Mob stoppt&#8221;.<\/strong><\/p>\n<h3><\/h3>\n<h4><span style=\"color: #ff0000\"><strong>Lassen Sie uns, alle demokratischen Kr\u00e4fte, parlamentarisch wie au\u00dferparlamentarisch gegen jede Form rassistischer Mobilisierungen demonstrativ einstehen und lassen Sie uns gemeinsam k\u00e4mpfen f\u00fcr gleiche Rechte f\u00fcr alle Menschen und eine solidarische Gesellschaft \u2013 gegen Rassismus und soziale Ausgrenzung!<\/strong><\/span><\/h4>\n<h4><span style=\"color: #ff0000\"><strong>Bitte kommen Sie liebe B\u00fcrger_innen und B\u00fcrger, liebe Mitstreiter_innen am Freitag, den 26. Februar 2016 zur Demonstration und Kundgebung um 18:00 Uhr vor die Stadthalle in G\u00f6ppingen. Wir wollen den Mob stoppen!&#8221;<\/strong><\/span><\/h4>\n<p>Mit solidarischen Gr\u00fc\u00dfen<\/p>\n<p>Christian St\u00e4hle<br \/>\n<em>Kreisrat &#8211; Stadtrat<\/em><\/p>\n","protected":false},"excerpt":{"rendered":"<p>Die AfD ist erneut in unserem Kreis aktiv &#8211; es folgt der Aufruf zur Gegendemo der Partei DIE LINKE KV G\u00f6ppingen &amp; Geislingen: &nbsp; PRESSEMITTEILUNG: DEMONSTRATIONSAUFRUF, Freitag, den 26. Februar 2016 vor der G\u00f6ppinger Stadthalle:<\/p>\n","protected":false},"author":59,"featured_media":0,"comment_status":"open","ping_status":"open","sticky":false,"template":"","format":"standard","meta":{"_jetpack_newsletter_access":"","_jetpack_dont_email_post_to_subs":false,"_jetpack_newsletter_tier_id":0,"_jetpack_memberships_contains_paywalled_content":false,"_jetpack_memberships_contains_paid_content":false,"footnotes":"","_links_to":"","_links_to_target":""},"categories":[3,4],"tags":[17,20,24,23],"class_list":["post-219","post","type-post","status-publish","format-standard","hentry","category-aktionen","category-pm","tag-afd","tag-fuckafd","tag-gegendemo","tag-goppingen"],"jetpack_featured_media_url":"","jetpack_sharing_enabled":true,"jetpack_shortlink":"https:\/\/wp.me\/p671Hq-3x","_links":{"self":[{"href":"https:\/\/linksjugend-solid-bw.de\/goeppingen_geislingen\/wp-json\/wp\/v2\/posts\/219","targetHints":{"allow":["GET"]}}],"collection":[{"href":"https:\/\/linksjugend-solid-bw.de\/goeppingen_geislingen\/wp-json\/wp\/v2\/posts"}],"about":[{"href":"https:\/\/linksjugend-solid-bw.de\/goeppingen_geislingen\/wp-json\/wp\/v2\/types\/post"}],"author":[{"embeddable":true,"href":"https:\/\/linksjugend-solid-bw.de\/goeppingen_geislingen\/wp-json\/wp\/v2\/users\/59"}],"replies":[{"embeddable":true,"href":"https:\/\/linksjugend-solid-bw.de\/goeppingen_geislingen\/wp-json\/wp\/v2\/comments?post=219"}],"version-history":[{"count":1,"href":"https:\/\/linksjugend-solid-bw.de\/goeppingen_geislingen\/wp-json\/wp\/v2\/posts\/219\/revisions"}],"predecessor-version":[{"id":221,"href":"https:\/\/linksjugend-solid-bw.de\/goeppingen_geislingen\/wp-json\/wp\/v2\/posts\/219\/revisions\/221"}],"wp:attachment":[{"href":"https:\/\/linksjugend-solid-bw.de\/goeppingen_geislingen\/wp-json\/wp\/v2\/media?parent=219"}],"wp:term":[{"taxonomy":"category","embeddable":true,"href":"https:\/\/linksjugend-solid-bw.de\/goeppingen_geislingen\/wp-json\/wp\/v2\/categories?post=219"},{"taxonomy":"post_tag","embeddable":true,"href":"https:\/\/linksjugend-solid-bw.de\/goeppingen_geislingen\/wp-json\/wp\/v2\/tags?post=219"}],"curies":[{"name":"wp","href":"https:\/\/api.w.org\/{rel}","templated":true}]}}