{"id":248,"date":"2016-04-21T21:42:45","date_gmt":"2016-04-21T21:42:45","guid":{"rendered":"http:\/\/linksjugend-solid-bw.de\/goeppingen_geislingen\/?p=248"},"modified":"2016-04-21T21:42:45","modified_gmt":"2016-04-21T21:42:45","slug":"fest-fur-rojava-2","status":"publish","type":"post","link":"https:\/\/linksjugend-solid-bw.de\/goeppingen_geislingen\/2016\/04\/21\/fest-fur-rojava-2\/","title":{"rendered":"Fest f\u00fcr Rojava"},"content":{"rendered":"<p>Liebe Freundinnen und Freunde,<br \/>\nals Linksjugend [&#8216;solid], der Jugendorganisation der Partei DIE LINKE, freuen wir uns, zu dem Fest der gelebten Solidarit\u00e4t mit Rojava beigetragen zu haben.<\/p>\n<p>Rojava steht f\u00fcr den aktiven Widerstand gegen die westliche Chaos- und Zerst\u00f6rungspolitik mit Hilfe von islamistischen Eliten und Warlords im Nahen und Mittleren Osten. Dar\u00fcber hinaus steht es aber auch f\u00fcr religi\u00f6se, kulturelle und ethnische Vielfalt und ist ein Musterbeispiel einer demokra<span class=\"text_exposed_show\">tischen Selbstherrschaft des Volkes, fernab von religi\u00f6sem und kapitalistischem Wahnsinn, Extremismus und Menschenverachtung.<\/span><\/p>\n<div class=\"text_exposed_show\">\n<p>Wir bedanken uns bei den Musiker*innen und vor allem auch bei Ihnen, den Besucherinnen und Besuchern, dass Sie gestern Abend gekommen sind, um gemeinsam mit dem G\u00f6ppinger Solidarit\u00e4tsb\u00fcndnis f\u00fcr Rojava einen Zeichen f\u00fcr Weltoffenheit und die Selbstbestimmung der V\u00f6lker zu setzen.<\/p>\n<\/div>\n<p>&nbsp;<\/p>\n<p><em><span style=\"color: #ff0000\">Ausf\u00fchrlicher Bericht auf der Homepage:<\/span><\/em><br \/>\n<em><a href=\"http:\/\/gprojava.blogsport.eu\/2016\/04\/17\/grandioses-fest\/\">http:\/\/gprojava.blogsport.eu\/2016\/04\/17\/grandioses-fest\/<\/a><\/em><\/p>\n","protected":false},"excerpt":{"rendered":"<p>Liebe Freundinnen und Freunde, als Linksjugend [&#8216;solid], der Jugendorganisation der Partei DIE LINKE, freuen wir uns, zu dem Fest der gelebten Solidarit\u00e4t mit Rojava beigetragen zu haben. Rojava steht f\u00fcr den aktiven Widerstand gegen die<\/p>\n","protected":false},"author":59,"featured_media":0,"comment_status":"open","ping_status":"open","sticky":false,"template":"","format":"standard","meta":{"_jetpack_newsletter_access":"","_jetpack_dont_email_post_to_subs":false,"_jetpack_newsletter_tier_id":0,"_jetpack_memberships_contains_paywalled_content":false,"_jetpack_memberships_contains_paid_content":false,"footnotes":"","_links_to":"","_links_to_target":""},"categories":[3,2],"tags":[25],"class_list":["post-248","post","type-post","status-publish","format-standard","hentry","category-aktionen","category-berichte","tag-rojava"],"jetpack_featured_media_url":"","jetpack_sharing_enabled":true,"jetpack_shortlink":"https:\/\/wp.me\/p671Hq-40","_links":{"self":[{"href":"https:\/\/linksjugend-solid-bw.de\/goeppingen_geislingen\/wp-json\/wp\/v2\/posts\/248","targetHints":{"allow":["GET"]}}],"collection":[{"href":"https:\/\/linksjugend-solid-bw.de\/goeppingen_geislingen\/wp-json\/wp\/v2\/posts"}],"about":[{"href":"https:\/\/linksjugend-solid-bw.de\/goeppingen_geislingen\/wp-json\/wp\/v2\/types\/post"}],"author":[{"embeddable":true,"href":"https:\/\/linksjugend-solid-bw.de\/goeppingen_geislingen\/wp-json\/wp\/v2\/users\/59"}],"replies":[{"embeddable":true,"href":"https:\/\/linksjugend-solid-bw.de\/goeppingen_geislingen\/wp-json\/wp\/v2\/comments?post=248"}],"version-history":[{"count":1,"href":"https:\/\/linksjugend-solid-bw.de\/goeppingen_geislingen\/wp-json\/wp\/v2\/posts\/248\/revisions"}],"predecessor-version":[{"id":249,"href":"https:\/\/linksjugend-solid-bw.de\/goeppingen_geislingen\/wp-json\/wp\/v2\/posts\/248\/revisions\/249"}],"wp:attachment":[{"href":"https:\/\/linksjugend-solid-bw.de\/goeppingen_geislingen\/wp-json\/wp\/v2\/media?parent=248"}],"wp:term":[{"taxonomy":"category","embeddable":true,"href":"https:\/\/linksjugend-solid-bw.de\/goeppingen_geislingen\/wp-json\/wp\/v2\/categories?post=248"},{"taxonomy":"post_tag","embeddable":true,"href":"https:\/\/linksjugend-solid-bw.de\/goeppingen_geislingen\/wp-json\/wp\/v2\/tags?post=248"}],"curies":[{"name":"wp","href":"https:\/\/api.w.org\/{rel}","templated":true}]}}