{"id":258,"date":"2017-07-04T19:09:07","date_gmt":"2017-07-04T19:09:07","guid":{"rendered":"http:\/\/linksjugend-solid-bw.de\/goeppingen_geislingen\/?p=258"},"modified":"2017-07-04T19:09:07","modified_gmt":"2017-07-04T19:09:07","slug":"beobachter-mit-sehschwache","status":"publish","type":"post","link":"https:\/\/linksjugend-solid-bw.de\/goeppingen_geislingen\/2017\/07\/04\/beobachter-mit-sehschwache\/","title":{"rendered":"Beobachter mit Sehschw\u00e4che?"},"content":{"rendered":"<h4><strong>Gegendarstellung \/ Pressemitteilung: <\/strong><\/h4>\n<h3><strong>Beobachter mit Sehschw\u00e4che?<\/strong><\/h3>\n<p>zum Artikel \u201eFriede, Freude, Linkspartei\u201c,<br \/>\nerschienen in den BeobachterNews am 4. Juli 2017<\/p>\n<p>(http:\/\/www.beobachternews.de\/2017\/07\/04\/friede-freude-linkspartei\/)<\/p>\n<p>&nbsp;<\/p>\n<p>Wir m\u00fcssen uns t\u00e4glich von rechten, konservativen und rechtskonservativen Medien denunzieren lassen, aber eine solche Ansammlung von haltlosen Anspielungen und schlichten Unwahrheiten von den BeobachterNews unter dem Deckmantel des Journalismus h\u00e4tten wir nie erwartet.<\/p>\n<p>Die Veranstaltung war seit l\u00e4ngerer Zeit geplant und sollte die Gesellschaft \u00fcber Rechtsextremismus und seine Ausw\u00fcchse informieren. Vor allem aber sollte der Film zeigen, wie Nazis versuchen, junge Menschen langsam in die Szene einzuf\u00fchren und ihnen so ihr faschistisches Gedankengut einzuimpfen.<br \/>\nDieses Ziel wurde erreicht.<\/p>\n<p><em>Wir werden uns nachfolgend nun Aussage f\u00fcr Aussage des Kommentars vornehmen:<\/em><\/p>\n<p><strong>Warum ist die AfD nicht auf dem Hinweisschild aufgef\u00fchrt?<\/strong><br \/>\nAn beiden Veranstaltungsorten, Geislingen und G\u00f6ppingen, hing das abgebildete Schild, mit dem wir als Veranstalter von unserem Hausrecht Gebrauch machen und von vornherein folgende Organisationen und deren Anh\u00e4ngerschaft mittels Hausverbot aussperren: Dritter Weg, die Rechte, NPD und deren Jugendorganisation, Autonome Nationalisten, Freie Kr\u00e4fte, Identit\u00e4re, Unsterbliche. Deren Sympathisanten, gemeinhin als bekennende Faschisten definiert, waren ebenfalls unerw\u00fcnscht.<\/p>\n<p>Auch wenn manche glauben wollten, dass wir die AfD schlichtweg vergessen hatten zu erw\u00e4hnen, dem ist nicht so. Die Entscheidung, deren Vertreter ebenfalls auszusperren, wurde lange diskutiert. Wir haben uns grunds\u00e4tzlich dagegen entschieden, behielten uns aber die M\u00f6glichkeit vor, diese als Sympathisanten rechter Gesinnung jederzeit entfernen lassen zu k\u00f6nnen.<br \/>\nWie die Begr\u00fc\u00dfung deutlich gemacht hat, boten wir den Herren der AfD diesen Vortrag als eine Art Bildungsveranstaltung an und wer w\u00fcrde widersprechen, dass sie diese nicht dringend n\u00f6tig gehabt h\u00e4tten.<\/p>\n<p>Es gibt viele Meinungen zum Umgang mit der AfD. Eins ist klar: Es gibt nicht DIE EINE L\u00f6sung; aber wir werden uns sicher nicht vorschreiben lassen, mit wem wir zu sprechen haben und mit wem nicht.<\/p>\n<p>&nbsp;<\/p>\n<p><strong>Die Begr\u00fc\u00dfung &#8211; Der Handschlag<br \/>\n<\/strong>In diesem Abschnitt stecken gleich mehrere inhaltliche Fehler. Eine Begr\u00fc\u00dfung der AfD\u2019ler fand nur durch Vertreter der Linkspartei nicht aber der linksjugend statt. Von \u201eden Veranstaltern\u201c zu sprechen, ist daher schlichtweg falsch. Auch sollte klargestellt werden, dass dieser Handschlag nicht im Rahmen der Einleitung der Veranstaltung, sondern bereits zuvor ausgef\u00fchrt wurde.<\/p>\n<p>Zwar wurden die beiden Herren in der Einleitung tats\u00e4chlich auch direkt angesprochen, allerdings waren die Worte wohl wenig schmeichelnd. Genosse Christian St\u00e4hle \u201ebegr\u00fc\u00dfte\u201c ihre Anwesenheit und den Umstand, dass sie sich mit dem Gedankengut jener Leute auseinandersetzen wollen, deren Umgang sie in ihrer Partei pflegen.<br \/>\nWahrheiten wegzulassen ist auch nicht besser als l\u00fcgen liebe BeobachterNews.<\/p>\n<p>&nbsp;<\/p>\n<p><strong>Nur ein versuchter Konter?<br \/>\n<\/strong>Stadtrat Christian St\u00e4hle versuchte die AfD bei der an den Film anschlie\u00dfenden Diskussion nicht nur zu kontern, er tat es. Es ist auch falsch, den Eindruck einer hitzigen Diskussion mit den M\u00e4nnern der AfD zu erwecken, da keiner Argumente gegen den Film vorbringen konnte (, ohne sich selbst zu verraten).<\/p>\n<p>&nbsp;<\/p>\n<p><strong>Die AfD auf Anti-Nazi-Demo<br \/>\n<\/strong>Erst wirft man uns vor, der abstrusen Idee des Mitlaufens der AfD bei dieser Demo nicht widersprochen zu haben, nur um dann im n\u00e4chsten Abschnitt selbst festzustellen, dass \u201edie G\u00f6ppinger Linkspartei ganz sicher nicht entscheiden wird, wer auf einer Demonstration gegen Neonazis l\u00e4uft.\u201c Dieser vermeintliche Vorwurf wird sogar durch den Kommentator h\u00f6chstpers\u00f6nlich entkr\u00e4ftet, als er sich direkt hintereinander selbst widerspricht.<br \/>\nNat\u00fcrlich haben wir kein Interesse an einer Anti-Nazi-Demo mit der AfD, aber wir sind eben nicht der Veranstalter dieser Demonstration, haben daher schlichtweg gar nicht die M\u00f6glichkeit, der AfD die Teilnahme zu untersagen.<\/p>\n<p>&nbsp;<\/p>\n<p>Was bleibt zu sagen? Wir empfinden es als Dreistigkeit, an Verleumdung grenzend, wenn uns unterstellt wird, die AfD zu unserer Veranstaltung herzlich willkommen gehei\u00dfen oder sogar eingeladen zu haben, weil wir ihr nicht zusammen mit den rechtsextremistischen Parteien und Organisationen von Beginn an Hausverbot erteilt haben. Es wird gar von einem roten Teppich gesprochen, den wir f\u00fcr die AfD ausgerollt h\u00e4tten.<br \/>\nWir waren es, die unl\u00e4ngst in Uhingen gegen Beatrix von Storch protestiert haben und wir waren DIE EINZIGEN dort! Entgegen antifaschistischen Lippenbekenntnissen lassen wir auch Taten folgen.<br \/>\nInteressant hierbei \u00fcbrigens, dass der Redakteur der BeobachterNews in Uhingen offenbar nicht davor zur\u00fcckscheute, von Storch die Hand zu geben und Smalltalk mit ihr zu halten \u2013 wenn das der rechtpopulistischen bis faschistischen Stimmung in Teilen von Uhingen mal nicht in die Karten gespielt hat\u2026<\/p>\n<p>Da wir die BeobachterNews normalerweise sehr sch\u00e4tzen, sind wir umso erstaunter, geradezu entsetzt, in welch populistischer Manier unsere Veranstaltung hier in den Dreck gezogen wird und den Faschisten in diesem Land praktisch in die Hand gespielt wird.<\/p>\n<p>&nbsp;<\/p>\n<p>Die Sprecher der linksjugend [\u00b4solid]<br \/>\nG\u00f6ppingen &amp; Geislingen<\/p>\n","protected":false},"excerpt":{"rendered":"<p>Gegendarstellung \/ Pressemitteilung: Beobachter mit Sehschw\u00e4che? zum Artikel \u201eFriede, Freude, Linkspartei\u201c, erschienen in den BeobachterNews am 4. Juli 2017 (http:\/\/www.beobachternews.de\/2017\/07\/04\/friede-freude-linkspartei\/) &nbsp; Wir m\u00fcssen uns t\u00e4glich von rechten, konservativen und rechtskonservativen Medien denunzieren lassen, aber eine<\/p>\n","protected":false},"author":59,"featured_media":0,"comment_status":"open","ping_status":"open","sticky":false,"template":"","format":"standard","meta":{"_jetpack_newsletter_access":"","_jetpack_dont_email_post_to_subs":false,"_jetpack_newsletter_tier_id":0,"_jetpack_memberships_contains_paywalled_content":false,"_jetpack_memberships_contains_paid_content":false,"footnotes":"","_links_to":"","_links_to_target":""},"categories":[5,4],"tags":[17,28,27,29],"class_list":["post-258","post","type-post","status-publish","format-standard","hentry","category-meldung","category-pm","tag-afd","tag-beobachternews","tag-gegendarstellung","tag-linke"],"jetpack_featured_media_url":"","jetpack_sharing_enabled":true,"jetpack_shortlink":"https:\/\/wp.me\/p671Hq-4a","_links":{"self":[{"href":"https:\/\/linksjugend-solid-bw.de\/goeppingen_geislingen\/wp-json\/wp\/v2\/posts\/258","targetHints":{"allow":["GET"]}}],"collection":[{"href":"https:\/\/linksjugend-solid-bw.de\/goeppingen_geislingen\/wp-json\/wp\/v2\/posts"}],"about":[{"href":"https:\/\/linksjugend-solid-bw.de\/goeppingen_geislingen\/wp-json\/wp\/v2\/types\/post"}],"author":[{"embeddable":true,"href":"https:\/\/linksjugend-solid-bw.de\/goeppingen_geislingen\/wp-json\/wp\/v2\/users\/59"}],"replies":[{"embeddable":true,"href":"https:\/\/linksjugend-solid-bw.de\/goeppingen_geislingen\/wp-json\/wp\/v2\/comments?post=258"}],"version-history":[{"count":1,"href":"https:\/\/linksjugend-solid-bw.de\/goeppingen_geislingen\/wp-json\/wp\/v2\/posts\/258\/revisions"}],"predecessor-version":[{"id":259,"href":"https:\/\/linksjugend-solid-bw.de\/goeppingen_geislingen\/wp-json\/wp\/v2\/posts\/258\/revisions\/259"}],"wp:attachment":[{"href":"https:\/\/linksjugend-solid-bw.de\/goeppingen_geislingen\/wp-json\/wp\/v2\/media?parent=258"}],"wp:term":[{"taxonomy":"category","embeddable":true,"href":"https:\/\/linksjugend-solid-bw.de\/goeppingen_geislingen\/wp-json\/wp\/v2\/categories?post=258"},{"taxonomy":"post_tag","embeddable":true,"href":"https:\/\/linksjugend-solid-bw.de\/goeppingen_geislingen\/wp-json\/wp\/v2\/tags?post=258"}],"curies":[{"name":"wp","href":"https:\/\/api.w.org\/{rel}","templated":true}]}}