{"id":290,"date":"2020-02-21T16:19:00","date_gmt":"2020-02-21T16:19:00","guid":{"rendered":"http:\/\/linksjugend-solid-bw.de\/goeppingen_geislingen\/?p=290"},"modified":"2020-02-21T17:33:50","modified_gmt":"2020-02-21T17:33:50","slug":"290","status":"publish","type":"post","link":"https:\/\/linksjugend-solid-bw.de\/goeppingen_geislingen\/2020\/02\/21\/290\/","title":{"rendered":"Gemeinsam gegen den Hass"},"content":{"rendered":"\n<figure class=\"wp-block-image size-large\"><img loading=\"lazy\" decoding=\"async\" width=\"1024\" height=\"369\" src=\"http:\/\/linksjugend-solid-bw.de\/goeppingen_geislingen\/wp-content\/uploads\/sites\/14\/2020\/02\/Kerze_Fb-1024x369.jpg\" alt=\"\" class=\"wp-image-295\" srcset=\"https:\/\/linksjugend-solid-bw.de\/goeppingen_geislingen\/wp-content\/uploads\/sites\/14\/2020\/02\/Kerze_Fb-1024x369.jpg 1024w, https:\/\/linksjugend-solid-bw.de\/goeppingen_geislingen\/wp-content\/uploads\/sites\/14\/2020\/02\/Kerze_Fb-300x108.jpg 300w, https:\/\/linksjugend-solid-bw.de\/goeppingen_geislingen\/wp-content\/uploads\/sites\/14\/2020\/02\/Kerze_Fb-768x277.jpg 768w, https:\/\/linksjugend-solid-bw.de\/goeppingen_geislingen\/wp-content\/uploads\/sites\/14\/2020\/02\/Kerze_Fb-1536x553.jpg 1536w, https:\/\/linksjugend-solid-bw.de\/goeppingen_geislingen\/wp-content\/uploads\/sites\/14\/2020\/02\/Kerze_Fb-2048x737.jpg 2048w\" sizes=\"auto, (max-width: 1024px) 100vw, 1024px\" \/><\/figure>\n\n\n\n<h4 class=\"wp-block-heading\">Gemeinsam gegen den Hass!<\/h4>\n\n\n\n<p>Am Samstag, den 22. Februar findet ab 11 Uhr vor dem Rathaus in G\u00f6ppingen eine Mahnwache f\u00fcr die Toten des rassistischen Terroranschlags von Hanau statt. Jeder, der sein Mitgef\u00fchl und Solidarit\u00e4t ausdr\u00fccken m\u00f6chte, sei willkommen und aufgerufen, um gemeinsam ein klares Zeichen gegen Rassismus und rechten Terror zu setzen. Dazu d\u00fcrfe gerne jeder eine Kerze oder Blume zum Ablegen an der Mahnwache mitbringen. <\/p>\n\n\n\n<p>Das gesellschaftliche Klima werde von Rechtspopulisten vergiftet und spalte nicht nur die Gesellschaft, sondern f\u00fchre auch zu Gewalt und Mord, so die Pressemitteilung. Deshalb setzen sich die aufrufenden Organisationen f\u00fcr eine freie und demokratische Gesellschaft f\u00fcr alle ein. Gegen den Rassismus und die Angst helfe nur ein gleichberechtigtes Miteinander.<\/p>\n\n\n\n<p><\/p>\n\n\n\n<p><em>Zur Kundgebung rufen seither (Stand 20.02.) auf:<\/em><br>Die Linke<br>Frauenverband Courage<br>Kreis G\u00f6ppingen Nazifrei<br>Migrantinnenverein<br>MLPD<br>Solidarit\u00e4tsb\u00fcndnis f\u00fcr Nordsyrien<br>Vereinigung der Verfolgten des Naziregimes<br>(alle aus G\u00f6ppingen)<\/p>\n\n\n\n<p><em>Angefragt und informiert sind des Weiteren:<\/em> <br>CDU, SPD, FDP, Die Gr\u00fcnen, FWG, Piraten, DGB.<\/p>\n","protected":false},"excerpt":{"rendered":"<p>Gemeinsam gegen den Hass! Am Samstag, den 22. Februar findet ab 11 Uhr vor dem Rathaus in G\u00f6ppingen eine Mahnwache f\u00fcr die Toten des rassistischen Terroranschlags von Hanau statt. Jeder, der sein Mitgef\u00fchl und Solidarit\u00e4t<\/p>\n","protected":false},"author":59,"featured_media":0,"comment_status":"open","ping_status":"open","sticky":false,"template":"","format":"standard","meta":{"_jetpack_newsletter_access":"","_jetpack_dont_email_post_to_subs":false,"_jetpack_newsletter_tier_id":0,"_jetpack_memberships_contains_paywalled_content":false,"_jetpack_memberships_contains_paid_content":false,"footnotes":"","_links_to":"","_links_to_target":""},"categories":[3,8],"tags":[36,37],"class_list":["post-290","post","type-post","status-publish","format-standard","hentry","category-aktionen","category-position","tag-hanau","tag-rechter-terror"],"jetpack_featured_media_url":"","jetpack_sharing_enabled":true,"jetpack_shortlink":"https:\/\/wp.me\/s671Hq-290","_links":{"self":[{"href":"https:\/\/linksjugend-solid-bw.de\/goeppingen_geislingen\/wp-json\/wp\/v2\/posts\/290","targetHints":{"allow":["GET"]}}],"collection":[{"href":"https:\/\/linksjugend-solid-bw.de\/goeppingen_geislingen\/wp-json\/wp\/v2\/posts"}],"about":[{"href":"https:\/\/linksjugend-solid-bw.de\/goeppingen_geislingen\/wp-json\/wp\/v2\/types\/post"}],"author":[{"embeddable":true,"href":"https:\/\/linksjugend-solid-bw.de\/goeppingen_geislingen\/wp-json\/wp\/v2\/users\/59"}],"replies":[{"embeddable":true,"href":"https:\/\/linksjugend-solid-bw.de\/goeppingen_geislingen\/wp-json\/wp\/v2\/comments?post=290"}],"version-history":[{"count":3,"href":"https:\/\/linksjugend-solid-bw.de\/goeppingen_geislingen\/wp-json\/wp\/v2\/posts\/290\/revisions"}],"predecessor-version":[{"id":296,"href":"https:\/\/linksjugend-solid-bw.de\/goeppingen_geislingen\/wp-json\/wp\/v2\/posts\/290\/revisions\/296"}],"wp:attachment":[{"href":"https:\/\/linksjugend-solid-bw.de\/goeppingen_geislingen\/wp-json\/wp\/v2\/media?parent=290"}],"wp:term":[{"taxonomy":"category","embeddable":true,"href":"https:\/\/linksjugend-solid-bw.de\/goeppingen_geislingen\/wp-json\/wp\/v2\/categories?post=290"},{"taxonomy":"post_tag","embeddable":true,"href":"https:\/\/linksjugend-solid-bw.de\/goeppingen_geislingen\/wp-json\/wp\/v2\/tags?post=290"}],"curies":[{"name":"wp","href":"https:\/\/api.w.org\/{rel}","templated":true}]}}