{"id":307,"date":"2020-11-29T16:45:49","date_gmt":"2020-11-29T16:45:49","guid":{"rendered":"http:\/\/linksjugend-solid-bw.de\/goeppingen_geislingen\/?p=307"},"modified":"2020-11-30T13:17:26","modified_gmt":"2020-11-30T13:17:26","slug":"goppinger-jugendparteien-schliesen-sich-gegen-afd-parteitag-zusammen","status":"publish","type":"post","link":"https:\/\/linksjugend-solid-bw.de\/goeppingen_geislingen\/2020\/11\/29\/goppinger-jugendparteien-schliesen-sich-gegen-afd-parteitag-zusammen\/","title":{"rendered":"G\u00f6ppinger Jugendparteien schlie\u00dfen sich gegen AfD Parteitag zusammen"},"content":{"rendered":"\n<p><strong>Die f\u00fcnf politischen G\u00f6ppinger Jugendorganisationen Gr\u00fcne Jugend, Jusos, Junge Union, JuLis, und linksjugend [&#8216;solid] positionieren sich geschlossen gegen die Durchf\u00fchrung des AfD-Parteitags am 05. und 06. Dezember 2020 in der G\u00f6ppinger EWS-Arena.<\/strong><\/p>\n\n\n\n<p>Am 05. und 06. Dezember plant die\nAfD Baden-W\u00fcrttemberg ihren Landesparteitag in der G\u00f6ppinger EWS-Arena\nabzuhalten. Die G\u00f6ppinger Stadtverwaltung \u00e4u\u00dferte sich vergangene Woche bereits\nkritisch gegen\u00fcber der geplanten Veranstaltung. Die Betriebsgesellschaft der\nEWS-Arena trat auf Aufforderung der Stadtverwaltung vom Vorvertrag mit der AfD\nzur\u00fcck. <\/p>\n\n\n\n<p>Die G\u00f6ppinger Jugendparteiorganisationen Gr\u00fcne Jugend, Jusos, Junge Union, JuLis und linksjugend [&#8216;solid] haben sich in einer gemeinsamen Videokonferenz getroffen, um sich als geschlossenes B\u00fcndnis gegen die Durchf\u00fchrung des AfD-Parteitags am 05. und 06. Dezember zu positionieren. \u201eEin solcher Parteitag w\u00e4re in der aktuellen Situation sehr unangebracht.\u201c, \u00e4u\u00dfert sich der Stadtverbandsvorsitzende der Jungen Union, Max M\u00fcller. \u201eGerade in Zeiten, in denen man private Kontakte meiden und beschr\u00e4nken sollte, ist eine Veranstaltung mit 800 Teilnehmern in einem geschlossenen Raum das falsche Signal.\u201c, bekr\u00e4ftigt Max Yilmazel, Vorsitzender der Jusos im Kreis G\u00f6ppingen. Nach der Absage seitens weiterer m\u00f6glicher Veranstaltungsorte, w\u00e4hlte die AfD schlie\u00dflich die G\u00f6ppinger EWS-Arena f\u00fcr ihren Landesparteitag aus. Nina Goldmann, Vorsitzende der Gr\u00fcnen Jugend G\u00f6ppingen, erg\u00e4nzte: \u201eEine Pandemie ist eine Situation, in der die Gesellschaft solidarisch zusammenhalten muss. Die Veranstaltung birgt gro\u00dfe Risiken f\u00fcr die Teilnehmer und ihr direktes Umfeld.\u201c.<\/p>\n\n\n\n<p>Deshalb fordern die politischen G\u00f6ppinger Jugendorganisationen die AfD auf, den Pr\u00e4senzparteitag bis auf weiteres zu verschieben. Es ist derzeit unsere gemeinsame Aufgabe, durch die Einschr\u00e4nkung von sozialen Kontakten, niemanden zu gef\u00e4hrden und unsere Mitb\u00fcrger zu sch\u00fctzen. Insbesondere politische Parteien sollten hier als gutes Beispiel vorangehen. \u201eWir leben im Jahr 2020. Es ist l\u00e4ngst m\u00f6glich, politische Willensbildung auch auf digitalem Wege zu erm\u00f6glichen. Das sollte die AfD dringend erkennen und umsetzen!\u201c, fordert Hanna Damaschke (Vorsitzende der JuLis G\u00f6ppingen). Ren\u00e9 Niess (Vorsitzender der Linksjugend G\u00f6ppingen) betont die Wichtigkeit eines klaren Zeichens gegen den AfD-Parteitag in G\u00f6ppingen: \u201eIch bin froh, dass die f\u00fcnf G\u00f6ppinger Jugendparteiorganisationen dem geplanten Parteitag geschlossen entgegentreten und damit vielen G\u00f6ppinger Jugendlichen eine Stimme geben.\u201c<\/p>\n\n\n\n<p><\/p>\n\n\n\n<figure class=\"wp-block-image size-large is-resized\"><img loading=\"lazy\" decoding=\"async\" src=\"http:\/\/linksjugend-solid-bw.de\/goeppingen_geislingen\/wp-content\/uploads\/sites\/14\/2020\/11\/gegenAfDVorschlag-1024x1024.png\" alt=\"#AfDrausausGP\" class=\"wp-image-308\" width=\"462\" height=\"462\" srcset=\"https:\/\/linksjugend-solid-bw.de\/goeppingen_geislingen\/wp-content\/uploads\/sites\/14\/2020\/11\/gegenAfDVorschlag-1024x1024.png 1024w, https:\/\/linksjugend-solid-bw.de\/goeppingen_geislingen\/wp-content\/uploads\/sites\/14\/2020\/11\/gegenAfDVorschlag-300x300.png 300w, https:\/\/linksjugend-solid-bw.de\/goeppingen_geislingen\/wp-content\/uploads\/sites\/14\/2020\/11\/gegenAfDVorschlag-150x150.png 150w, https:\/\/linksjugend-solid-bw.de\/goeppingen_geislingen\/wp-content\/uploads\/sites\/14\/2020\/11\/gegenAfDVorschlag-768x768.png 768w, https:\/\/linksjugend-solid-bw.de\/goeppingen_geislingen\/wp-content\/uploads\/sites\/14\/2020\/11\/gegenAfDVorschlag-90x90.png 90w, https:\/\/linksjugend-solid-bw.de\/goeppingen_geislingen\/wp-content\/uploads\/sites\/14\/2020\/11\/gegenAfDVorschlag.png 1080w\" sizes=\"auto, (max-width: 462px) 100vw, 462px\" \/><\/figure>\n","protected":false},"excerpt":{"rendered":"<p>Die f\u00fcnf politischen G\u00f6ppinger Jugendorganisationen Gr\u00fcne Jugend, Jusos, Junge Union, JuLis, und linksjugend [&#8216;solid] positionieren sich geschlossen gegen die Durchf\u00fchrung des AfD-Parteitags am 05. und 06. Dezember 2020 in der G\u00f6ppinger EWS-Arena. Am 05. und<\/p>\n","protected":false},"author":59,"featured_media":0,"comment_status":"open","ping_status":"open","sticky":false,"template":"","format":"standard","meta":{"_jetpack_newsletter_access":"","_jetpack_dont_email_post_to_subs":false,"_jetpack_newsletter_tier_id":0,"_jetpack_memberships_contains_paywalled_content":false,"_jetpack_memberships_contains_paid_content":false,"footnotes":"","_links_to":"","_links_to_target":""},"categories":[3,4],"tags":[],"class_list":["post-307","post","type-post","status-publish","format-standard","hentry","category-aktionen","category-pm"],"jetpack_featured_media_url":"","jetpack_sharing_enabled":true,"jetpack_shortlink":"https:\/\/wp.me\/p671Hq-4X","_links":{"self":[{"href":"https:\/\/linksjugend-solid-bw.de\/goeppingen_geislingen\/wp-json\/wp\/v2\/posts\/307","targetHints":{"allow":["GET"]}}],"collection":[{"href":"https:\/\/linksjugend-solid-bw.de\/goeppingen_geislingen\/wp-json\/wp\/v2\/posts"}],"about":[{"href":"https:\/\/linksjugend-solid-bw.de\/goeppingen_geislingen\/wp-json\/wp\/v2\/types\/post"}],"author":[{"embeddable":true,"href":"https:\/\/linksjugend-solid-bw.de\/goeppingen_geislingen\/wp-json\/wp\/v2\/users\/59"}],"replies":[{"embeddable":true,"href":"https:\/\/linksjugend-solid-bw.de\/goeppingen_geislingen\/wp-json\/wp\/v2\/comments?post=307"}],"version-history":[{"count":3,"href":"https:\/\/linksjugend-solid-bw.de\/goeppingen_geislingen\/wp-json\/wp\/v2\/posts\/307\/revisions"}],"predecessor-version":[{"id":311,"href":"https:\/\/linksjugend-solid-bw.de\/goeppingen_geislingen\/wp-json\/wp\/v2\/posts\/307\/revisions\/311"}],"wp:attachment":[{"href":"https:\/\/linksjugend-solid-bw.de\/goeppingen_geislingen\/wp-json\/wp\/v2\/media?parent=307"}],"wp:term":[{"taxonomy":"category","embeddable":true,"href":"https:\/\/linksjugend-solid-bw.de\/goeppingen_geislingen\/wp-json\/wp\/v2\/categories?post=307"},{"taxonomy":"post_tag","embeddable":true,"href":"https:\/\/linksjugend-solid-bw.de\/goeppingen_geislingen\/wp-json\/wp\/v2\/tags?post=307"}],"curies":[{"name":"wp","href":"https:\/\/api.w.org\/{rel}","templated":true}]}}