{"id":100,"date":"2020-06-08T16:06:52","date_gmt":"2020-06-08T16:06:52","guid":{"rendered":"http:\/\/linksjugend-solid-bw.de\/heilbronn\/?p=100"},"modified":"2020-06-08T16:06:52","modified_gmt":"2020-06-08T16:06:52","slug":"atomwaffen-raus-aus-deutschland","status":"publish","type":"post","link":"https:\/\/linksjugend-solid-bw.de\/heilbronn\/2020\/06\/08\/atomwaffen-raus-aus-deutschland\/","title":{"rendered":"Atomwaffen raus aus Deutschland!"},"content":{"rendered":"\n<p>Der Fraktionsvorsitzende der SPD im Bundestag Rolf M\u00fctzenich forderte\n am 3. Mai 2020 in einem Interview mit dem \u201cTagesspiegel\u201d, dass \ns\u00e4mtliche stationierten Atomwaffen aus Deutschland abgezogen werden. \nAtomwaffen auf deutschem Gebiet w\u00fcrde unsere Sicherheit nicht erh\u00f6hen, \nsondern das Gegenteil bewirken, so M\u00fctzenich. Diesen Vorsto\u00df begr\u00fcndet \ner vor allem mit der Willk\u00fcr von Donald Trump.<\/p>\n\n\n\n<p>Diese Forderung von M\u00fctzenich zog eine Debatte \u00fcber die nukleare Teilhabe Deutschlands nach sich. Die &#8222;Heilbronner Stimme&#8220; hat als Beitrag zu dieser Debatte die Jugendorganisationen in Heilbronn nach ihrere Meinung gefragt. Unsere Stellungnahme ist dabei folgende:<\/p>\n\n\n\n<p><br><\/p>\n\n\n\n<p>Wir unterst\u00fctzen Herrn M\u00fcnzenichs Forderungen nach einem R\u00fcckzug aus  der technischen nuklearen Teilhabe der Nato. Er f\u00fchrt sehr gute Punkte an, hinter denen sich klar das Streben nach einer durch Abr\u00fcstung  gepr\u00e4gten und nuklearwaffenfreinen Welt erkennen l\u00e4sst.<br>Die nukleare  Teilhabe Deutschlands ist in keiner Weise f\u00f6rderlich f\u00fcr die  internationale Stabilit\u00e4t und den Bem\u00fchungen um eine friedliche Welt.  Nicht nur ist sie ein l\u00e4ngst veraltetes Relikt aus den Zeiten des kalten  Krieges, sondern Modernisierungen wie die geplanten Ersetzungen der  Tornados durch die Verteidigungsministerin kosten Deutschland  Milliarden, welches gerade jetzt in Corona Zeiten viel st\u00e4rker in  anderen Bereichen wie dem Sozialwesen gebraucht werden. Des Weiteren  darf Deutschland der aggressiven Au\u00dfenpolitik Trumps, die durch die Nato  mitgetragen wird, keinen Raum geben und muss deshalb konsequent auf die  technische nukleare Teilhabe in der Nato verzichten.<br>Deutschland  darf nicht auf sein Mitbestimmungsrecht in der Nato verzichten.  Besonders nicht, wenn es um solche relevanten Themen wie Abr\u00fcstung und  Friedenssicherung geht. Daher sollte Deutschland eine klare Linie gegen  die Abschreckungspolitik der Nato fahren. Man kann zwar nicht  verhindern, dass sich Alternativen zum Atomwaffenstandpunkt Deutschland  auftuen, wie beispielsweise in Polen, allerdings muss man klarmachen,  dass Deutschland sich weder an diesen Handlungen beteiligen will noch  diese unterst\u00fctzt.<\/p>\n","protected":false},"excerpt":{"rendered":"<p>Der Fraktionsvorsitzende der SPD im Bundestag Rolf M\u00fctzenich forderte am 3. Mai 2020 in einem Interview mit dem \u201cTagesspiegel\u201d, dass s\u00e4mtliche stationierten Atomwaffen aus Deutschland abgezogen werden. Atomwaffen auf deutschem Gebiet w\u00fcrde unsere Sicherheit nicht<\/p>\n","protected":false},"author":98,"featured_media":0,"comment_status":"open","ping_status":"open","sticky":false,"template":"","format":"standard","meta":{"jetpack_post_was_ever_published":false,"_jetpack_newsletter_access":"","_jetpack_dont_email_post_to_subs":false,"_jetpack_newsletter_tier_id":0,"_jetpack_memberships_contains_paywalled_content":false,"_jetpack_memberships_contains_paid_content":false,"footnotes":"","jetpack_publicize_message":"","jetpack_publicize_feature_enabled":true,"jetpack_social_post_already_shared":true,"jetpack_social_options":{"image_generator_settings":{"template":"highway","default_image_id":0,"font":"","enabled":false},"version":2},"_links_to":"","_links_to_target":""},"categories":[10,4],"tags":[14,13],"class_list":["post-100","post","type-post","status-publish","format-standard","hentry","category-positionen","category-pm","tag-atomwaffen","tag-nukleare-teilhabe"],"jetpack_publicize_connections":[],"jetpack_featured_media_url":"","jetpack_sharing_enabled":true,"jetpack_shortlink":"https:\/\/wp.me\/p4o1qP-1C","_links":{"self":[{"href":"https:\/\/linksjugend-solid-bw.de\/heilbronn\/wp-json\/wp\/v2\/posts\/100","targetHints":{"allow":["GET"]}}],"collection":[{"href":"https:\/\/linksjugend-solid-bw.de\/heilbronn\/wp-json\/wp\/v2\/posts"}],"about":[{"href":"https:\/\/linksjugend-solid-bw.de\/heilbronn\/wp-json\/wp\/v2\/types\/post"}],"author":[{"embeddable":true,"href":"https:\/\/linksjugend-solid-bw.de\/heilbronn\/wp-json\/wp\/v2\/users\/98"}],"replies":[{"embeddable":true,"href":"https:\/\/linksjugend-solid-bw.de\/heilbronn\/wp-json\/wp\/v2\/comments?post=100"}],"version-history":[{"count":4,"href":"https:\/\/linksjugend-solid-bw.de\/heilbronn\/wp-json\/wp\/v2\/posts\/100\/revisions"}],"predecessor-version":[{"id":104,"href":"https:\/\/linksjugend-solid-bw.de\/heilbronn\/wp-json\/wp\/v2\/posts\/100\/revisions\/104"}],"wp:attachment":[{"href":"https:\/\/linksjugend-solid-bw.de\/heilbronn\/wp-json\/wp\/v2\/media?parent=100"}],"wp:term":[{"taxonomy":"category","embeddable":true,"href":"https:\/\/linksjugend-solid-bw.de\/heilbronn\/wp-json\/wp\/v2\/categories?post=100"},{"taxonomy":"post_tag","embeddable":true,"href":"https:\/\/linksjugend-solid-bw.de\/heilbronn\/wp-json\/wp\/v2\/tags?post=100"}],"curies":[{"name":"wp","href":"https:\/\/api.w.org\/{rel}","templated":true}]}}