{"id":116,"date":"2015-07-31T18:10:28","date_gmt":"2015-07-31T18:10:28","guid":{"rendered":"http:\/\/linksjugend-solid-bw.de\/kita\/?p=116"},"modified":"2015-07-31T18:30:40","modified_gmt":"2015-07-31T18:30:40","slug":"die-linksugend-solid-ba-wu-verurteilt-die-ermittlungen-gegen-netzpolitik-org","status":"publish","type":"post","link":"https:\/\/linksjugend-solid-bw.de\/kita\/2015\/07\/31\/die-linksugend-solid-ba-wu-verurteilt-die-ermittlungen-gegen-netzpolitik-org\/","title":{"rendered":"Die Linksugend [&#8216;solid] Ba-W\u00fc verurteilt die Ermittlungen gegen Netzpolitik.org"},"content":{"rendered":"<p id=\"magicdomid2567\" class=\"ace-line\" style=\"text-align: justify;\"><span class=\"author-g-yrgaurtp1z122z15ot2h\"><a href=\"http:\/\/linksjugend-solid-bw.de\/kita\/wp-content\/uploads\/sites\/12\/2015\/07\/megaphone-750x420.jpg\"><img loading=\"lazy\" decoding=\"async\" class=\"wp-image-117 size-medium alignleft\" src=\"http:\/\/linksjugend-solid-bw.de\/kita\/wp-content\/uploads\/sites\/12\/2015\/07\/megaphone-750x420-300x168.jpg\" alt=\"megaphone-750x420\" width=\"300\" height=\"168\" srcset=\"https:\/\/linksjugend-solid-bw.de\/kita\/wp-content\/uploads\/sites\/12\/2015\/07\/megaphone-750x420-300x168.jpg 300w, https:\/\/linksjugend-solid-bw.de\/kita\/wp-content\/uploads\/sites\/12\/2015\/07\/megaphone-750x420.jpg 750w\" sizes=\"auto, (max-width: 300px) 100vw, 300px\" \/><\/a>Die Linksjugend [&#8216;solid] Ba-W\u00fc verurteilt die Ermittelungen wegen Landesverrat der Bundesanwaltschaft gegen die Journalist*innen von <a href=\"http:\/\/netzpolitik.org\">Netzpoliti<\/a><\/span><a href=\"http:\/\/netzpolitik.org\"><span class=\"author-g-vwqm7wnc0z122zqrjvf4\">k<\/span><\/a><span class=\"author-g-yrgaurtp1z122z15ot2h\"><a href=\"http:\/\/netzpolitik.org\">.org<\/a> und erkl\u00e4rt sich mit ihnen solidarisch!<\/span><\/p>\n<p class=\"ace-line\" style=\"text-align: justify;\"><span class=\"author-g-yrgaurtp1z122z15ot2h\">Die Webseite, welche die Journalist*innen betreiben<\/span><span class=\"author-g-vwqm7wnc0z122zqrjvf4\">,<\/span><span class=\"author-g-yrgaurtp1z122z15ot2h\"> ist eine Plattform f\u00fcr digitale Freiheitsrechte, wo sie regelm\u00e4\u00dfig Artikel ver\u00f6ffentlichen \u00fcber \u00dcberwachung, Datenschutz, Urheberrecht und Netzneutralit\u00e4t. Weil dort auch die <\/span><span class=\"author-g-vwqm7wnc0z122zqrjvf4\">A<\/span><span class=\"author-g-yrgaurtp1z122z15ot2h\">usweitung der \u00dcberwachung der Bev\u00f6lkerung durch den Verfassungsschutz thematisiert wurde, hat die Bundesanwaltschaft nun wegen zwei konkreten Artikel (<a href=\"https:\/\/netzpolitik.org\/2015\/geheimer-geldregen-verfassungsschutz-arbeitet-an-massendatenauswertung-von-internetinhalten\/\">diesen<\/a> und <a href=\"https:\/\/netzpolitik.org\/2015\/geheime-referatsgruppe-wir-praesentieren-die-neue-verfassungsschutz-einheit-zum-ausbau-der-internet-ueberwachung\/\">diesen<\/a>) Ermittlungen wegen Landesverrat eingeleitet.<\/span><\/p>\n<p class=\"ace-line\" style=\"text-align: justify;\">&#8220;<em>Es handelt sich dabei offensichtlich um einen Einsch\u00fcchterungsversuch, hier wird probiert zu verhindern, dass die B\u00fcrger*innen erfahren, wie weitreichend der Staat in ihre Privatsph\u00e4re eingreift<\/em>&#8220;, kommentiert Vanessa Kohm, Landessprecherin der Linksjugend [&#8216;solid] Ba-W\u00fc.<\/p>\n<p class=\"ace-line\" style=\"text-align: justify;\">Die Ermittlungen sind ein eindeutiger Angriff auf die Pressefreiheit. Anstatt eine demokratische Transparenz zu f\u00f6rdern wird versucht den Verfassungsschutz vor jeder Kritik zu sch\u00fctzen, trotz der Erfahrungen rund um den NSU-Skandal.<\/p>\n<p class=\"ace-line\" style=\"text-align: justify;\">Dazu meint Aljoscha Hartmann von der <a href=\"http:\/\/linksjugend-solid-bw.de\/bg_default\">Kommission f\u00fcr IT Angelegenheiten<\/a>: &#8220;<em>Es ist notwendig, Plattformen wie Netzpolitik.org zu unterst\u00fctzen. Gerade weil wiedereinmal eine EU-rechtswidrige Vorratsdatenspeicherung eingef\u00fchrt werden soll und der Verfassungsschutz wieder mehr Kompetenzen bekommen hat, obwohl er schlechte bis kontraproduktive Arbeit leistet. Nur so k\u00f6nnen wir sicherstellen, dass wichtige Informationen auch an die \u00d6ffentlichkeit kommen und staatliche \u00dcberwachung bek\u00e4mpft werden kann.<\/em>&#8220;<\/p>\n","protected":false},"excerpt":{"rendered":"<p>Die Linksjugend [&#8216;solid] Ba-W\u00fc verurteilt die Ermittelungen wegen Landesverrat der Bundesanwaltschaft gegen die Journalist*innen von Netzpolitik.org und erkl\u00e4rt sich mit ihnen solidarisch! Die Webseite, welche die Journalist*innen betreiben, ist eine Plattform f\u00fcr digitale Freiheitsrechte, wo<\/p>\n","protected":false},"author":1,"featured_media":0,"comment_status":"open","ping_status":"open","sticky":false,"template":"","format":"standard","meta":{"jetpack_post_was_ever_published":false,"_jetpack_newsletter_access":"","_jetpack_dont_email_post_to_subs":false,"_jetpack_newsletter_tier_id":0,"_jetpack_memberships_contains_paywalled_content":false,"_jetpack_memberships_contains_paid_content":false,"footnotes":"","jetpack_publicize_message":"","jetpack_publicize_feature_enabled":true,"jetpack_social_post_already_shared":true,"jetpack_social_options":{"image_generator_settings":{"template":"highway","default_image_id":0,"font":"","enabled":false},"version":2},"_links_to":"","_links_to_target":""},"categories":[4],"tags":[],"class_list":["post-116","post","type-post","status-publish","format-standard","hentry","category-pm"],"jetpack_publicize_connections":[],"jetpack_featured_media_url":"","jetpack_sharing_enabled":true,"jetpack_shortlink":"https:\/\/wp.me\/p671Fw-1S","_links":{"self":[{"href":"https:\/\/linksjugend-solid-bw.de\/kita\/wp-json\/wp\/v2\/posts\/116","targetHints":{"allow":["GET"]}}],"collection":[{"href":"https:\/\/linksjugend-solid-bw.de\/kita\/wp-json\/wp\/v2\/posts"}],"about":[{"href":"https:\/\/linksjugend-solid-bw.de\/kita\/wp-json\/wp\/v2\/types\/post"}],"author":[{"embeddable":true,"href":"https:\/\/linksjugend-solid-bw.de\/kita\/wp-json\/wp\/v2\/users\/1"}],"replies":[{"embeddable":true,"href":"https:\/\/linksjugend-solid-bw.de\/kita\/wp-json\/wp\/v2\/comments?post=116"}],"version-history":[{"count":8,"href":"https:\/\/linksjugend-solid-bw.de\/kita\/wp-json\/wp\/v2\/posts\/116\/revisions"}],"predecessor-version":[{"id":125,"href":"https:\/\/linksjugend-solid-bw.de\/kita\/wp-json\/wp\/v2\/posts\/116\/revisions\/125"}],"wp:attachment":[{"href":"https:\/\/linksjugend-solid-bw.de\/kita\/wp-json\/wp\/v2\/media?parent=116"}],"wp:term":[{"taxonomy":"category","embeddable":true,"href":"https:\/\/linksjugend-solid-bw.de\/kita\/wp-json\/wp\/v2\/categories?post=116"},{"taxonomy":"post_tag","embeddable":true,"href":"https:\/\/linksjugend-solid-bw.de\/kita\/wp-json\/wp\/v2\/tags?post=116"}],"curies":[{"name":"wp","href":"https:\/\/api.w.org\/{rel}","templated":true}]}}