{"id":160,"date":"2015-03-07T14:11:22","date_gmt":"2015-03-07T14:11:22","guid":{"rendered":"http:\/\/linksjugend-solid-bw.de\/konstanz\/?p=160"},"modified":"2015-03-07T14:11:22","modified_gmt":"2015-03-07T14:11:22","slug":"8-marz-internationaler-frauenkampftag","status":"publish","type":"post","link":"https:\/\/linksjugend-solid-bw.de\/konstanz\/2015\/03\/07\/8-marz-internationaler-frauenkampftag\/","title":{"rendered":"8. M\u00e4rz: Internationaler Frauenkampftag"},"content":{"rendered":"<p><strong>F\u00fcr Emanzipation und Gleichstellung, gegen Ausbeutung und Unterdr\u00fcckung: Hierf\u00fcr steht der der Internationale Frauenkampftag am n\u00e4chsten Sonntag.<\/strong><\/p>\n<p>Genoss*innen und Sympathisant*innen,<\/p>\n<p>auch im Jahr 2015 ist die Situation der Frau weltweit, aber auch in Deutschland, besch\u00e4mend. Sexismus und Unterdr\u00fcckung sind an der Tagesordnung, die gesellschaftspolitische Gleichstellung ist noch lange nicht verwirklicht. Zudem erlebt ein \u00a0radikaler Anti-Feminismus seine Renaissance<em>.<\/em> Egal ob Herdpr\u00e4mie oder Frauenquote: Das Recht auf selbstbestimmtes Leben wird mit F\u00fc\u00dfen getreten.<\/p>\n<p>Wehren und solidarisieren wir uns: Mit den alleinerziehenden M\u00fcttern, mit den durch grausame Beschneidungsrituale traumatisierten M\u00e4dchen, mit den ausgebeuteten Textiln\u00e4herinnen, mit den mutigen Widerstandsk\u00e4mpferinnen weltweit. Solidarische Gegenwehr gegen das Patriarchat \u2013 nicht nur an diesen Sonntag. F\u00fcr die Emanzipation aller Geschlechter, f\u00fcr alle Lebenswege, f\u00fcr (a)sexuelle Selbstbestimmung!!!<\/p>\n<p>In den St\u00e4dten Freiburg und Stuttgart finden dazu Veranstaltungen statt. Au\u00dferdem wird die Gruppe Input in Konstanz am 11.3.2015um 18 Uhr im Radioraum einen Vortrag zum Thema Sexismus halten.<\/p>\n<p>http:\/\/www.frauenkampftag2014.de\/<\/p>\n<p><a href=\"https:\/\/linksunten.indymedia.org\/de\/node\/136212\"><span style=\"text-decoration: underline\">https:\/\/linksunten.indymedia.org\/de\/node\/136212<\/span><\/a><\/p>\n<p><a href=\"http:\/\/www.revolutionaere-aktion.org\/component\/eventlist\/details\/185-frauenkampftag-2015-kundgebung?Itemid=355\"><span style=\"text-decoration: underline\">http:\/\/www.revolutionaere-aktion.org\/component\/eventlist\/details\/185-frauenkampftag-2015-kundgebung?Itemid=355<\/span><\/a><\/p>\n<p>https:\/\/www.facebook.com\/events\/336493973224300\/<\/p>\n","protected":false},"excerpt":{"rendered":"<p>F\u00fcr Emanzipation und Gleichstellung, gegen Ausbeutung und Unterdr\u00fcckung: Hierf\u00fcr steht der der Internationale Frauenkampftag am n\u00e4chsten Sonntag. Genoss*innen und Sympathisant*innen, auch im Jahr 2015 ist die Situation der Frau weltweit, aber auch in Deutschland, besch\u00e4mend.<\/p>\n","protected":false},"author":14,"featured_media":0,"comment_status":"open","ping_status":"open","sticky":false,"template":"","format":"standard","meta":{"jetpack_post_was_ever_published":false,"_jetpack_newsletter_access":"","_jetpack_dont_email_post_to_subs":false,"_jetpack_newsletter_tier_id":0,"_jetpack_memberships_contains_paywalled_content":false,"_jetpack_memberships_contains_paid_content":false,"footnotes":"","jetpack_publicize_message":"","jetpack_publicize_feature_enabled":true,"jetpack_social_post_already_shared":true,"jetpack_social_options":{"image_generator_settings":{"template":"highway","default_image_id":0,"font":"","enabled":false},"version":2},"_links_to":"","_links_to_target":""},"categories":[1],"tags":[],"class_list":["post-160","post","type-post","status-publish","format-standard","hentry","category-uncategorized"],"jetpack_publicize_connections":[],"jetpack_featured_media_url":"","jetpack_sharing_enabled":true,"jetpack_shortlink":"https:\/\/wp.me\/p4o1qP-2A","_links":{"self":[{"href":"https:\/\/linksjugend-solid-bw.de\/konstanz\/wp-json\/wp\/v2\/posts\/160","targetHints":{"allow":["GET"]}}],"collection":[{"href":"https:\/\/linksjugend-solid-bw.de\/konstanz\/wp-json\/wp\/v2\/posts"}],"about":[{"href":"https:\/\/linksjugend-solid-bw.de\/konstanz\/wp-json\/wp\/v2\/types\/post"}],"author":[{"embeddable":true,"href":"https:\/\/linksjugend-solid-bw.de\/konstanz\/wp-json\/wp\/v2\/users\/14"}],"replies":[{"embeddable":true,"href":"https:\/\/linksjugend-solid-bw.de\/konstanz\/wp-json\/wp\/v2\/comments?post=160"}],"version-history":[{"count":2,"href":"https:\/\/linksjugend-solid-bw.de\/konstanz\/wp-json\/wp\/v2\/posts\/160\/revisions"}],"predecessor-version":[{"id":162,"href":"https:\/\/linksjugend-solid-bw.de\/konstanz\/wp-json\/wp\/v2\/posts\/160\/revisions\/162"}],"wp:attachment":[{"href":"https:\/\/linksjugend-solid-bw.de\/konstanz\/wp-json\/wp\/v2\/media?parent=160"}],"wp:term":[{"taxonomy":"category","embeddable":true,"href":"https:\/\/linksjugend-solid-bw.de\/konstanz\/wp-json\/wp\/v2\/categories?post=160"},{"taxonomy":"post_tag","embeddable":true,"href":"https:\/\/linksjugend-solid-bw.de\/konstanz\/wp-json\/wp\/v2\/tags?post=160"}],"curies":[{"name":"wp","href":"https:\/\/api.w.org\/{rel}","templated":true}]}}