{"id":172,"date":"2015-08-30T12:39:43","date_gmt":"2015-08-30T12:39:43","guid":{"rendered":"http:\/\/linksjugend-solid-bw.de\/konstanz\/?p=172"},"modified":"2015-08-30T12:39:43","modified_gmt":"2015-08-30T12:39:43","slug":"aktionstage-am-bodensee","status":"publish","type":"post","link":"https:\/\/linksjugend-solid-bw.de\/konstanz\/2015\/08\/30\/aktionstage-am-bodensee\/","title":{"rendered":"\u201eWer Instrumente der Gewalt produziert und\/oder die Wirtschaft eines Landes ausbeutet, erntet Fl\u00fcchtlinge\u201c"},"content":{"rendered":"<p>Dieser Ausspruch war letztes Wochenende auf einem Transparent bei den Aktionstagen \u201eFluchtursachen bek\u00e4mpfen &#8211; Waffenexporte stoppen\u201c zu lesen. Diese fanden vom 19. bis zum 22. August am Bodensee statt und wurden vom Netzwerk refugees4refugees (mehr hierzu: https:\/\/refugees4refugees.wordpress.com) und verschiedenen zivilgesellschaftlichen und politischen Organisationen initiiert. Auch die DIE LINKE, Linksjugend [\u2019solid] und dielinke.sds aus Konstanz waren mit dabei.<\/p>\n<p>Ausgehend von einem Camp mit Aktivist*innen und Gefl\u00fcchteten in Konstanz wurde vor den Waffen- und R\u00fcstungsfirmen ATM (Konstanz), Mowag (Kreuzlingen\/CH) und Diehl (\u00dcberlingen) demonstriert. Weil es am Bodensee selten eine linksradikale Demo gibt, hatten die Waffenfirmen ihren Sicherheitsdienst verst\u00e4rkt und ihre Zulieferungen abgesagt. Aufgrund der gespenstischen Leere hatten viele Aktivist*innen zum Teil auch den Eindruck, als h\u00e4tten die Mitarbeiter*innen frei bekommen. In der b\u00fcrgerlichen Meinung ist eine Demo der radikalen Linken eben immer auch eine Riot-Demo. Riots gab es nicht, aber lautstarke Parolen und klare wie fundierte Redebeitr\u00e4ge. Deren Kernaussage: Es reicht nicht, die Symptome zu bek\u00e4mpfen, also ausschlie\u00dflich ehrenamtliche Fl\u00fcchtlingshilfe zu leisten. Auch die Fluchtursachen, worunter Waffenexporte z\u00e4hlen, m\u00fcssen angegangen werden. Fl\u00fcchtlingshilfe muss politischer werden, und nicht immer nur Vers\u00e4umnisse des Staates in der Betreuung und Hilfe von Gefl\u00fcchteten ausgleichen.<\/p>\n<p>Eine ausf\u00fchrlichere Berichterstattung gibt es hier:<\/p>\n<blockquote class=\"wp-embedded-content\" data-secret=\"xqOTXgSaQk\"><p><a href=\"https:\/\/www.seemoz.de\/lokal_regional\/wir-sterben-fuer-eure-privilegien\/\">\u201eWir sterben f\u00fcr eure Privilegien\u201c<\/a><\/p><\/blockquote>\n<p><iframe loading=\"lazy\" class=\"wp-embedded-content\" sandbox=\"allow-scripts\" security=\"restricted\" style=\"position: absolute; clip: rect(1px, 1px, 1px, 1px);\" title=\"&#8222;\u201eWir sterben f\u00fcr eure Privilegien\u201c&#8220; &#8212; seemoz - Online Magazin am Bodensee\" src=\"https:\/\/www.seemoz.de\/lokal_regional\/wir-sterben-fuer-eure-privilegien\/embed\/#?secret=xqOTXgSaQk\" data-secret=\"xqOTXgSaQk\" width=\"600\" height=\"338\" frameborder=\"0\" marginwidth=\"0\" marginheight=\"0\" scrolling=\"no\"><\/iframe><\/p>\n<blockquote class=\"wp-embedded-content\" data-secret=\"h1ze8IoAJ4\"><p><a href=\"https:\/\/www.seemoz.de\/lokal_regional\/wenn-gefluechtete-sich-organisieren\/\">Wenn Gefl\u00fcchtete sich organisieren<\/a><\/p><\/blockquote>\n<p><iframe loading=\"lazy\" class=\"wp-embedded-content\" sandbox=\"allow-scripts\" security=\"restricted\" style=\"position: absolute; clip: rect(1px, 1px, 1px, 1px);\" title=\"&#8222;Wenn Gefl\u00fcchtete sich organisieren&#8220; &#8212; seemoz - Online Magazin am Bodensee\" src=\"https:\/\/www.seemoz.de\/lokal_regional\/wenn-gefluechtete-sich-organisieren\/embed\/#?secret=h1ze8IoAJ4\" data-secret=\"h1ze8IoAJ4\" width=\"600\" height=\"338\" frameborder=\"0\" marginwidth=\"0\" marginheight=\"0\" scrolling=\"no\"><\/iframe><\/p>\n<p>&nbsp;<\/p>\n<p class=\"jetpack-slideshow-noscript robots-nocontent\">This slideshow requires JavaScript.<\/p><div id=\"gallery-172-1-slideshow\" class=\"jetpack-slideshow-window jetpack-slideshow jetpack-slideshow-black\" data-trans=\"fade\" data-autostart=\"1\" data-gallery=\"[{&quot;src&quot;:&quot;https:\\\/\\\/linksjugend-solid-bw.de\\\/konstanz\\\/wp-content\\\/uploads\\\/sites\\\/4\\\/2015\\\/08\\\/Demo-Innenstadt_KN1.jpg&quot;,&quot;id&quot;:&quot;173&quot;,&quot;title&quot;:&quot;Demo-Innenstadt_KN1&quot;,&quot;alt&quot;:&quot;&quot;,&quot;caption&quot;:&quot;&quot;,&quot;itemprop&quot;:&quot;image&quot;},{&quot;src&quot;:&quot;https:\\\/\\\/linksjugend-solid-bw.de\\\/konstanz\\\/wp-content\\\/uploads\\\/sites\\\/4\\\/2015\\\/08\\\/VorMowag2.jpg&quot;,&quot;id&quot;:&quot;176&quot;,&quot;title&quot;:&quot;VorMowag2&quot;,&quot;alt&quot;:&quot;&quot;,&quot;caption&quot;:&quot;&quot;,&quot;itemprop&quot;:&quot;image&quot;},{&quot;src&quot;:&quot;https:\\\/\\\/linksjugend-solid-bw.de\\\/konstanz\\\/wp-content\\\/uploads\\\/sites\\\/4\\\/2015\\\/08\\\/Transpi_LJ.jpg&quot;,&quot;id&quot;:&quot;174&quot;,&quot;title&quot;:&quot;Transpi_LJ&quot;,&quot;alt&quot;:&quot;&quot;,&quot;caption&quot;:&quot;&quot;,&quot;itemprop&quot;:&quot;image&quot;}]\" itemscope itemtype=\"https:\/\/schema.org\/ImageGallery\"><\/div>\n<p>&nbsp;<\/p>\n<p>&nbsp;<\/p>\n","protected":false},"excerpt":{"rendered":"<p>Dieser Ausspruch war letztes Wochenende auf einem Transparent bei den Aktionstagen \u201eFluchtursachen bek\u00e4mpfen &#8211; Waffenexporte stoppen\u201c zu lesen. Diese fanden vom 19. bis zum 22. August am Bodensee statt und wurden vom Netzwerk refugees4refugees (mehr<\/p>\n","protected":false},"author":49,"featured_media":0,"comment_status":"open","ping_status":"open","sticky":false,"template":"","format":"standard","meta":{"jetpack_post_was_ever_published":false,"_jetpack_newsletter_access":"","_jetpack_dont_email_post_to_subs":false,"_jetpack_newsletter_tier_id":0,"_jetpack_memberships_contains_paywalled_content":false,"_jetpack_memberships_contains_paid_content":false,"footnotes":"","jetpack_publicize_message":"","jetpack_publicize_feature_enabled":true,"jetpack_social_post_already_shared":true,"jetpack_social_options":{"image_generator_settings":{"template":"highway","default_image_id":0,"font":"","enabled":false},"version":2},"_links_to":"","_links_to_target":""},"categories":[1],"tags":[],"class_list":["post-172","post","type-post","status-publish","format-standard","hentry","category-uncategorized"],"jetpack_publicize_connections":[],"jetpack_featured_media_url":"","jetpack_sharing_enabled":true,"jetpack_shortlink":"https:\/\/wp.me\/p4o1qP-2M","_links":{"self":[{"href":"https:\/\/linksjugend-solid-bw.de\/konstanz\/wp-json\/wp\/v2\/posts\/172","targetHints":{"allow":["GET"]}}],"collection":[{"href":"https:\/\/linksjugend-solid-bw.de\/konstanz\/wp-json\/wp\/v2\/posts"}],"about":[{"href":"https:\/\/linksjugend-solid-bw.de\/konstanz\/wp-json\/wp\/v2\/types\/post"}],"author":[{"embeddable":true,"href":"https:\/\/linksjugend-solid-bw.de\/konstanz\/wp-json\/wp\/v2\/users\/49"}],"replies":[{"embeddable":true,"href":"https:\/\/linksjugend-solid-bw.de\/konstanz\/wp-json\/wp\/v2\/comments?post=172"}],"version-history":[{"count":1,"href":"https:\/\/linksjugend-solid-bw.de\/konstanz\/wp-json\/wp\/v2\/posts\/172\/revisions"}],"predecessor-version":[{"id":180,"href":"https:\/\/linksjugend-solid-bw.de\/konstanz\/wp-json\/wp\/v2\/posts\/172\/revisions\/180"}],"wp:attachment":[{"href":"https:\/\/linksjugend-solid-bw.de\/konstanz\/wp-json\/wp\/v2\/media?parent=172"}],"wp:term":[{"taxonomy":"category","embeddable":true,"href":"https:\/\/linksjugend-solid-bw.de\/konstanz\/wp-json\/wp\/v2\/categories?post=172"},{"taxonomy":"post_tag","embeddable":true,"href":"https:\/\/linksjugend-solid-bw.de\/konstanz\/wp-json\/wp\/v2\/tags?post=172"}],"curies":[{"name":"wp","href":"https:\/\/api.w.org\/{rel}","templated":true}]}}