{"id":1015,"date":"2015-06-08T20:26:27","date_gmt":"2015-06-08T20:26:27","guid":{"rendered":"http:\/\/linksjugend-solid-bw.de\/ortenau\/?p=1015"},"modified":"2015-06-08T20:26:27","modified_gmt":"2015-06-08T20:26:27","slug":"polizei-durchsucht-linkes-zentrum-adelante-in-freiburg-kriminalisierung-von-protest-gegen-die-afd","status":"publish","type":"post","link":"https:\/\/linksjugend-solid-bw.de\/ortenau\/2015\/06\/08\/polizei-durchsucht-linkes-zentrum-adelante-in-freiburg-kriminalisierung-von-protest-gegen-die-afd\/","title":{"rendered":"Polizei durchsucht Linkes Zentrum !adelante! in Freiburg.  Kriminalisierung von Protest gegen die AfD"},"content":{"rendered":"<p>Dutzende BeamtInnen durchsuchten am Montag, den 08.06.2015 das Linke Zentrum !adelante! in der Freiburger Gl\u00fcmerstra\u00dfe. In der Nacht zuvor war ein Farbangriff auf einen Veranstaltungsort der Alternative f\u00fcr Deutschland (AfD), das Hotel \u201eZum Schiff\u201c in Freiburg-St.Georgen, erfolgt. Die Polizei versuchte auf fadenscheinige Art und Weise einen Zusammenhang zwischen dem Hotel und dem Linken Zentrum zu konstruieren.<!--more--><br \/>\nIm Hotel sollte am heutigen Abend eine Veranstaltung der AfD mit<br \/>\nParteisprecher Bernd Lucke stattfinden. Auf Grund des Angriff<br \/>\nentschloss sich das Hotel, die AfD kurzfristig auszuladen. Laut des<br \/>\npolizeilichen Durchsuchungsbeschlusses war der Grund f\u00fcr die<br \/>\nDurchsuchung des Linken Zentrums Aufrufe des Offenen Antifa Treffens Freiburg &amp; Region [OAT] und der Antifaschistischen Linken Freiburg (ALFR), die Veranstaltung der AfD zu st\u00f6ren. Die genannten Gruppen hatten in der Vergangenheit regelm\u00e4\u00dfig dazu aufgerufen, sich der erzkonservativen bis offen rechten AfD entgegenzustellen.<br \/>\n\u201eDie Aufrufe zu legitimen Protest als fadenscheinige Begr\u00fcndung zur Durchsuchung des Linken Zentrums zu nehmen, zeigt ein weiteres Mal, dass es dem Staatsschutz nicht darum geht, b\u00fcrgerliche Freiheiten wie die Meinungsfreiheit zu besch\u00fctzen\u201c so Ina Steinmayr, Pressesprecherin des Arbeitskreises Antirepression Freiburg, und erkl\u00e4rt weiter: \u201eDie Begr\u00fcndung des Durchsuchungsbeschlusses ist mehr als d\u00fcrftig. Hier<br \/>\nwerden linke Gruppen und R\u00e4ume kriminalisiert und versucht, den Protest gegen die AfD einzusch\u00fcchtern.\u201c<br \/>\nKurz nachdem einige Personen das Linke Zentrum betraten, st\u00fcrmten gegen 18.00 Uhr etwa zehn ZivilbeamtInnen das !adelante!. Daraufhin wurde die Durchsuchung von einem martialischen Aufgebot weiterer 30 PolizistenInnen gesichert. Erst nach mehrmaliger Aufforderung wurde der Durchsuchungsbeschluss den anwesenden Personen ausgeh\u00e4ndigt und ein Anwalt konnte erst nach massivem Dr\u00e4ngen hinzugezogen werden. Anwesende Personen konnten der Durchsuchung zun\u00e4chst nicht beiwohnen und wurden<br \/>\nerst nach Personalienfeststellungen zugelassen.<br \/>\n\u201eDie Freiburger Polizei operiert wieder einmal auf Grundlage eines<br \/>\nh\u00f6chst fragw\u00fcrdigen Demokratieverst\u00e4ndnisses. Mit einem solchen Durchsuchungsbeschluss bewegen sich die Strafverfolgungsbeh\u00f6rden scharf an der Grenze des rechtsstaatlichen Handelns, dass sie vorgeben zu<br \/>\nvertreten\u201c, kritisiert Steinmayr. Dieses unverh\u00e4ltnism\u00e4\u00dfige Vorgehen der Polizei zeigt sich auch darin, dass eine Person kurzzeitig festgenommen und in Handschellen gezwungen wurde, ihre Personalien abzugeben.<br \/>\nBeschlagnahmt wurden unter anderem Laptops, Computer und Wandmalfarben.<br \/>\nF\u00fcr die AktivistInnen im Linken Zentrum !adelante! ist klar, dass sie sich nicht durch diese Repression einsch\u00fcchtern lassen werden.<\/p>\n","protected":false},"excerpt":{"rendered":"<p>Dutzende BeamtInnen durchsuchten am Montag, den 08.06.2015 das Linke Zentrum !adelante! in der Freiburger Gl\u00fcmerstra\u00dfe. In der Nacht zuvor war ein Farbangriff auf einen Veranstaltungsort der Alternative f\u00fcr Deutschland (AfD), das Hotel \u201eZum Schiff\u201c in<\/p>\n","protected":false},"author":9,"featured_media":0,"comment_status":"open","ping_status":"open","sticky":false,"template":"","format":"standard","meta":{"jetpack_post_was_ever_published":false,"_jetpack_newsletter_access":"","_jetpack_dont_email_post_to_subs":false,"_jetpack_newsletter_tier_id":0,"_jetpack_memberships_contains_paywalled_content":false,"_jetpack_memberships_contains_paid_content":false,"footnotes":"","jetpack_publicize_message":"","jetpack_publicize_feature_enabled":true,"jetpack_social_post_already_shared":true,"jetpack_social_options":{"image_generator_settings":{"template":"highway","default_image_id":0,"font":"","enabled":false},"version":2},"_links_to":"","_links_to_target":""},"categories":[41],"tags":[],"class_list":["post-1015","post","type-post","status-publish","format-standard","hentry","category-antifaschismus"],"jetpack_publicize_connections":[],"jetpack_featured_media_url":"","jetpack_sharing_enabled":true,"jetpack_shortlink":"https:\/\/wp.me\/p4o1NU-gn","_links":{"self":[{"href":"https:\/\/linksjugend-solid-bw.de\/ortenau\/wp-json\/wp\/v2\/posts\/1015","targetHints":{"allow":["GET"]}}],"collection":[{"href":"https:\/\/linksjugend-solid-bw.de\/ortenau\/wp-json\/wp\/v2\/posts"}],"about":[{"href":"https:\/\/linksjugend-solid-bw.de\/ortenau\/wp-json\/wp\/v2\/types\/post"}],"author":[{"embeddable":true,"href":"https:\/\/linksjugend-solid-bw.de\/ortenau\/wp-json\/wp\/v2\/users\/9"}],"replies":[{"embeddable":true,"href":"https:\/\/linksjugend-solid-bw.de\/ortenau\/wp-json\/wp\/v2\/comments?post=1015"}],"version-history":[{"count":1,"href":"https:\/\/linksjugend-solid-bw.de\/ortenau\/wp-json\/wp\/v2\/posts\/1015\/revisions"}],"predecessor-version":[{"id":1016,"href":"https:\/\/linksjugend-solid-bw.de\/ortenau\/wp-json\/wp\/v2\/posts\/1015\/revisions\/1016"}],"wp:attachment":[{"href":"https:\/\/linksjugend-solid-bw.de\/ortenau\/wp-json\/wp\/v2\/media?parent=1015"}],"wp:term":[{"taxonomy":"category","embeddable":true,"href":"https:\/\/linksjugend-solid-bw.de\/ortenau\/wp-json\/wp\/v2\/categories?post=1015"},{"taxonomy":"post_tag","embeddable":true,"href":"https:\/\/linksjugend-solid-bw.de\/ortenau\/wp-json\/wp\/v2\/tags?post=1015"}],"curies":[{"name":"wp","href":"https:\/\/api.w.org\/{rel}","templated":true}]}}