{"id":1066,"date":"2015-10-29T20:42:12","date_gmt":"2015-10-29T20:42:12","guid":{"rendered":"http:\/\/linksjugend-solid-bw.de\/ortenau\/?p=1066"},"modified":"2015-10-29T20:42:12","modified_gmt":"2015-10-29T20:42:12","slug":"gefluchteten-eine-stimme-geben-interview-teil-2","status":"publish","type":"post","link":"https:\/\/linksjugend-solid-bw.de\/ortenau\/2015\/10\/29\/gefluchteten-eine-stimme-geben-interview-teil-2\/","title":{"rendered":"Gefl\u00fcchteten eine Stimme geben &#8211; Interview Teil 2"},"content":{"rendered":"<p><strong>Arian (Name ge\u00e4ndert) ist 16 Jahre und kommt aus einem Dorf, nicht weit weg von der Stadt Prokuplje (Serbien), nahe der kosovarischen Grenze. Er kam im Dezember 2014 zusammen mit seiner Familie nach einem Jahr Flucht nach Deutschland. Wir haben ihn zu seiner Flucht interviewt:<\/strong><!--more--><\/p>\n<p><strong>Was hat dich und deine Familie dazu gebracht, zu sagen, jetzt verlassen wir unsere Heimat?<\/strong><\/p>\n<p>Wir hatten ein kleines Haus, in dem unsere Familie wohnte und mein Vater arbeitete f\u00fcr die Stadt. Er beseitigte dort den M\u00fcll. Doch seit dem Zerfall der Republik Jugoslawien kam es immer wieder zu Ausschreitungen, auch in unserem Dorf. Au\u00dferdem ist die kommunale Arbeit nach und nach zerbrochen. Vor allem in der Wirtschaftskrise wurde viel eingespart. Die ethnischen und religi\u00f6sen Spannungen versch\u00e4rften sich immer wieder. Wir geh\u00f6rten zur j\u00fcdischen Gemeinde unseres Dorfes, mussten uns immer wieder Beleidigungen anh\u00f6ren. Auch gab es Konflikte mit der kosovarischen Bev\u00f6lkerung. Eines Tages wurde meine Schwester, sie war 17 Jahre alt, auf offener Stra\u00dfe von einem Mann abgestochen. Sie war im 7. Monat schwanger.<\/p>\n<p>Als mein Vater ihr zur Hilfe eilen wollte, griff der Mann auch ihn an. Mehrere Nachbarn kamen zwar zur Hilfe, doch f\u00fcr meine Schwester und ihr Baby kamen jede Hilfe zu sp\u00e4t. Ein paar Tage sp\u00e4ter kam es zu Ausschreitungen, immer wieder wurden wir bedroht, weil wir hebr\u00e4isch untereinander gesprochen haben.<\/p>\n<p>Eines Nachts wurde unser Haus mit Molotowcocktails angegriffen und brannte vollst\u00e4ndig ab. Wir konnten uns gerade noch so aus den Flammen retten. Daraufhin zogen wir in eine andere Stadt. Im Mai 2014 gab es dann aber eine gro\u00dfe \u00dcberschwemmung in Serbien und unser Haus wurde dabei wieder zerst\u00f6rt. Mein Vater hat keine Arbeit mehr erhalten und von staatlicher Seite bekamen wir keine Unterst\u00fctzung. Deshalb haben wir beschlossen, nach Deutschland zu fliehen. Wir bezahlten einem Bekannten 300\u20ac, der uns dann nach Deutschland mit dem Auto fuhr.<\/p>\n<p><strong>Welche Erwartungen hast du jetzt<\/strong>?<\/p>\n<p>Ich will deutsch lernen, einen guten Schulabschluss machen und eine Ausbildung als Automechaniker anfangen. Ich hoffe, dass ich hier bleiben kann und eine gute Zukunft f\u00fcr mich und meine Familie aufbauen kann.<\/p>\n<p><strong>Willst du irgendwann wieder einmal zur\u00fcck?<\/strong><\/p>\n<p>Ich sehe f\u00fcr mich keine Perspektive in Serbien. Dort werden wir nur verfolgt und haben keine Chance auf eine Zukunft.<\/p>\n","protected":false},"excerpt":{"rendered":"<p>Arian (Name ge\u00e4ndert) ist 16 Jahre und kommt aus einem Dorf, nicht weit weg von der Stadt Prokuplje (Serbien), nahe der kosovarischen Grenze. Er kam im Dezember 2014 zusammen mit seiner Familie nach einem Jahr<\/p>\n","protected":false},"author":9,"featured_media":0,"comment_status":"open","ping_status":"open","sticky":false,"template":"","format":"standard","meta":{"jetpack_post_was_ever_published":false,"_jetpack_newsletter_access":"","_jetpack_dont_email_post_to_subs":false,"_jetpack_newsletter_tier_id":0,"_jetpack_memberships_contains_paywalled_content":false,"_jetpack_memberships_contains_paid_content":false,"footnotes":"","jetpack_publicize_message":"","jetpack_publicize_feature_enabled":true,"jetpack_social_post_already_shared":true,"jetpack_social_options":{"image_generator_settings":{"template":"highway","default_image_id":0,"font":"","enabled":false},"version":2},"_links_to":"","_links_to_target":""},"categories":[41],"tags":[47],"class_list":["post-1066","post","type-post","status-publish","format-standard","hentry","category-antifaschismus","tag-refugees"],"jetpack_publicize_connections":[],"jetpack_featured_media_url":"","jetpack_sharing_enabled":true,"jetpack_shortlink":"https:\/\/wp.me\/p4o1NU-hc","_links":{"self":[{"href":"https:\/\/linksjugend-solid-bw.de\/ortenau\/wp-json\/wp\/v2\/posts\/1066","targetHints":{"allow":["GET"]}}],"collection":[{"href":"https:\/\/linksjugend-solid-bw.de\/ortenau\/wp-json\/wp\/v2\/posts"}],"about":[{"href":"https:\/\/linksjugend-solid-bw.de\/ortenau\/wp-json\/wp\/v2\/types\/post"}],"author":[{"embeddable":true,"href":"https:\/\/linksjugend-solid-bw.de\/ortenau\/wp-json\/wp\/v2\/users\/9"}],"replies":[{"embeddable":true,"href":"https:\/\/linksjugend-solid-bw.de\/ortenau\/wp-json\/wp\/v2\/comments?post=1066"}],"version-history":[{"count":1,"href":"https:\/\/linksjugend-solid-bw.de\/ortenau\/wp-json\/wp\/v2\/posts\/1066\/revisions"}],"predecessor-version":[{"id":1067,"href":"https:\/\/linksjugend-solid-bw.de\/ortenau\/wp-json\/wp\/v2\/posts\/1066\/revisions\/1067"}],"wp:attachment":[{"href":"https:\/\/linksjugend-solid-bw.de\/ortenau\/wp-json\/wp\/v2\/media?parent=1066"}],"wp:term":[{"taxonomy":"category","embeddable":true,"href":"https:\/\/linksjugend-solid-bw.de\/ortenau\/wp-json\/wp\/v2\/categories?post=1066"},{"taxonomy":"post_tag","embeddable":true,"href":"https:\/\/linksjugend-solid-bw.de\/ortenau\/wp-json\/wp\/v2\/tags?post=1066"}],"curies":[{"name":"wp","href":"https:\/\/api.w.org\/{rel}","templated":true}]}}