{"id":1106,"date":"2016-02-03T23:11:05","date_gmt":"2016-02-03T23:11:05","guid":{"rendered":"http:\/\/linksjugend-solid-bw.de\/ortenau\/?p=1106"},"modified":"2016-02-03T23:11:05","modified_gmt":"2016-02-03T23:11:05","slug":"stoppt-den-rechten-vormarsch-stoppt-den-rechten-terror","status":"publish","type":"post","link":"https:\/\/linksjugend-solid-bw.de\/ortenau\/2016\/02\/03\/stoppt-den-rechten-vormarsch-stoppt-den-rechten-terror\/","title":{"rendered":"Stoppt den rechten Vormarsch! Stoppt den rechten Terror!"},"content":{"rendered":"<p><span style=\"font-family: Calibri, sans-serif\"><span style=\"font-size: x-large\">Am 7. Februar ist wieder eine Demonstration gegen Fl\u00fcchtlinge am Rathausplatz angek\u00fcndigt. <\/span><\/span><\/p>\n<p><span style=\"font-family: Calibri, sans-serif\"><span style=\"font-size: x-large\">Wir rufen euch zur Gegendemonstration am Busbahnhof, in Offenburg, um 13 Uhr auf.<\/span><\/span><\/p>\n<p><span style=\"font-family: Calibri, sans-serif\"><span style=\"font-size: large\">In den letzten Wochen hat die rechte Szene in S\u00fcdbaden begonnen ihre Aktivit\u00e4ten verst\u00e4rkt zu entfalten. Mit rassistischer Propaganda und rechtem Stra\u00dfenterror versuchen sie in S\u00fcdbaden Fu\u00df zu fassen. <\/span><\/span><\/p>\n<p><span style=\"font-family: Calibri, sans-serif\"><span style=\"font-size: large\">Zu den letzten Anti-Fl\u00fcchtlingsdemos in Offenburg, Lahr und Achern am 24.1, wurde mit einer SMS mobilisiert, in der davon geredet wird, dass \u201eKrieg\u201c herrsche und man sich gegen die Fl\u00fcchtlinge \u201ewehren\u201c m\u00fcsse.<\/p>\n<p>Der Anlass war damals die Falschmeldung einer Vergewaltigung in Berlin. Dieser Grund war von den Veranstaltern nat\u00fcrlich nur vorgeschoben, was sich nun an der Mobilisierung der n\u00e4chsten Demo zeigt. Diese findet unter dem Motto \u201eGegen Gewalt und Gesetzlosigkeit der Fl\u00fcchtlinge\u201c statt. <\/span><\/span><\/p>\n<p><span style=\"font-family: Calibri, sans-serif\"><span style=\"font-size: large\">Seit dem neuen Jahr hat die Propaganda und Aktivit\u00e4t der Rassisten eine neue Qualit\u00e4t erreicht. In der Ortenau organisiert sich eine \u201eB\u00fcrgerwehr\u201c, unter Beteiligung bekannter Neonazis wie Florian Stech. Deren Mitglieder fahren angeblich bereits \u201eStreifen\u201c in Lahr, sowie in Offenburg und behaupten, die \u201eDeutschen\u201c vor den Fl\u00fcchtlingen \u201esch\u00fctzen\u201c zu m\u00fcssen. <\/span><\/span><\/p>\n<p><span style=\"font-family: Calibri, sans-serif\"><span style=\"font-size: large\"><b>Klar wurde die neue Situation und Gewaltbereitschaft der Rassisten letzte Woche: In Villingen-Schwenningen gab es einen Versuchten Anschlag auf ein Fl\u00fcchtlingsheim mit einer Handgranate!<\/b><\/span><\/span><\/p>\n<p><span style=\"font-family: Calibri, sans-serif\"><span style=\"font-size: large\">Dieser Mischung aus Terrorismus und Pogromstimmung d\u00fcrfen wir nicht tatenlos zusehen. \u201eKrieg\u201c gegen Ausl\u00e4nder und eine als \u201eB\u00fcrgerwehr\u201c getarnte neoSA d\u00fcrfen wir nicht dulden!<\/span><\/span><\/p>\n<p><span style=\"font-family: Calibri, sans-serif\"><span style=\"font-size: large\">Schreiten wir ein, bevor Pogrom und SA Realit\u00e4t werden. <\/span><\/span><\/p>\n<p><span style=\"font-family: Calibri, sans-serif\"><span style=\"font-size: 300%\"><b><span style=\"font-size: large\">Keine nationalistischen Aufm\u00e4rsche und keine rassistische Schl\u00e4gerbanden in der Ortenau!<\/span><\/b><\/span><\/span><\/p>\n","protected":false},"excerpt":{"rendered":"<p>Am 7. Februar ist wieder eine Demonstration gegen Fl\u00fcchtlinge am Rathausplatz angek\u00fcndigt. Wir rufen euch zur Gegendemonstration am Busbahnhof, in Offenburg, um 13 Uhr auf. In den letzten Wochen hat die rechte Szene in S\u00fcdbaden<\/p>\n","protected":false},"author":9,"featured_media":0,"comment_status":"open","ping_status":"open","sticky":false,"template":"","format":"standard","meta":{"jetpack_post_was_ever_published":false,"_jetpack_newsletter_access":"","_jetpack_dont_email_post_to_subs":false,"_jetpack_newsletter_tier_id":0,"_jetpack_memberships_contains_paywalled_content":false,"_jetpack_memberships_contains_paid_content":false,"footnotes":"","jetpack_publicize_message":"","jetpack_publicize_feature_enabled":true,"jetpack_social_post_already_shared":true,"jetpack_social_options":{"image_generator_settings":{"template":"highway","default_image_id":0,"font":"","enabled":false},"version":2},"_links_to":"","_links_to_target":""},"categories":[41,48],"tags":[],"class_list":["post-1106","post","type-post","status-publish","format-standard","hentry","category-antifaschismus","category-refugees"],"jetpack_publicize_connections":[],"jetpack_featured_media_url":"","jetpack_sharing_enabled":true,"jetpack_shortlink":"https:\/\/wp.me\/p4o1NU-hQ","_links":{"self":[{"href":"https:\/\/linksjugend-solid-bw.de\/ortenau\/wp-json\/wp\/v2\/posts\/1106","targetHints":{"allow":["GET"]}}],"collection":[{"href":"https:\/\/linksjugend-solid-bw.de\/ortenau\/wp-json\/wp\/v2\/posts"}],"about":[{"href":"https:\/\/linksjugend-solid-bw.de\/ortenau\/wp-json\/wp\/v2\/types\/post"}],"author":[{"embeddable":true,"href":"https:\/\/linksjugend-solid-bw.de\/ortenau\/wp-json\/wp\/v2\/users\/9"}],"replies":[{"embeddable":true,"href":"https:\/\/linksjugend-solid-bw.de\/ortenau\/wp-json\/wp\/v2\/comments?post=1106"}],"version-history":[{"count":1,"href":"https:\/\/linksjugend-solid-bw.de\/ortenau\/wp-json\/wp\/v2\/posts\/1106\/revisions"}],"predecessor-version":[{"id":1107,"href":"https:\/\/linksjugend-solid-bw.de\/ortenau\/wp-json\/wp\/v2\/posts\/1106\/revisions\/1107"}],"wp:attachment":[{"href":"https:\/\/linksjugend-solid-bw.de\/ortenau\/wp-json\/wp\/v2\/media?parent=1106"}],"wp:term":[{"taxonomy":"category","embeddable":true,"href":"https:\/\/linksjugend-solid-bw.de\/ortenau\/wp-json\/wp\/v2\/categories?post=1106"},{"taxonomy":"post_tag","embeddable":true,"href":"https:\/\/linksjugend-solid-bw.de\/ortenau\/wp-json\/wp\/v2\/tags?post=1106"}],"curies":[{"name":"wp","href":"https:\/\/api.w.org\/{rel}","templated":true}]}}