{"id":1158,"date":"2016-05-14T15:22:04","date_gmt":"2016-05-14T15:22:04","guid":{"rendered":"http:\/\/linksjugend-solid-bw.de\/ortenau\/?p=1158"},"modified":"2016-05-14T15:22:04","modified_gmt":"2016-05-14T15:22:04","slug":"leserbrief-fur-das-offenburger-tageblatt-zur-aktuellen-situation-in-der-turkei","status":"publish","type":"post","link":"https:\/\/linksjugend-solid-bw.de\/ortenau\/2016\/05\/14\/leserbrief-fur-das-offenburger-tageblatt-zur-aktuellen-situation-in-der-turkei\/","title":{"rendered":"Leserbrief f\u00fcr das Offenburger Tageblatt zur aktuellen Situation in der T\u00fcrkei"},"content":{"rendered":"<p>Ich bin doch etwas erstaunt, dass diese Zeitung es schafft zwar von Erdogan und seinem diktatorischen auftreten gegen die b\u00fcrgerliche Opposition zu schreiben, aber das Massaker an der kurdischen Bev\u00f6lkerung im Osten der T\u00fcrkei und die Unterdr\u00fcckung von Gewerkschaften, sowie der HDP Opposition totschweigt oder nur beil\u00e4ufig in einem Nebensatz erw\u00e4hnt.<\/p>\n<p>Selbst die UN hat sich nun schon besorgt gezeigt, \u00fcber den Mord an 100 Menschen, die in Kellern verbrannten, w\u00e4hrend das t\u00fcrkische Milit\u00e4r die Geb\u00e4ude belagerte.<\/p>\n<p>Mittlerweile sind seit Juni 2015 \u00fcber 500 Menschen get\u00f6tet worden, \u00fcber 500.000 Menschen wurden zeitweise aus ihren H\u00e4usern vertrieben, laut Reporter ohne Grenzen sitzen ca. 300 Blogger und Journalisten im Gef\u00e4ngnis und man kann zusehen, wie Sultan Erdogan nach und nach den Staat in eine blutige Diktatur verwandelt. Doch trotzdem schweigt die Bundesregierung hierzu. Ja sie reiht sich sogar ein in die deutsche Tradition und leistet bereitwillig Hilfe (wie damals beim Genozid an den Armeniern 1915) in Form von Kapital, Waffen und Repression. W\u00e4hrend der Bev\u00f6lkerung hier \u00fcber die Medien wei\u00df gemacht werden soll, dass uns Erdogan mit dem Fl\u00fcchtlingsabkommen erpresst, wird nicht erw\u00e4hnt, dass die 6 Mrd. \u20ac der EU wohl kaum nur f\u00fcr die gefl\u00fcchteten Menschen eingesetzt werden, sondern diese dazu dienen, die wirtschaftlich angeschlagene und im Osten durch einen B\u00fcrgerkrieg zerr\u00fcttete T\u00fcrkei zu stabilisieren. Das Land dient n\u00e4mlich als Einfallstor in den Nahen Osten, weshalb die Bundeswehr dort bis 2017 auch einen eigenen Luftwaffenst\u00fctzpunkt bei <span style=\"color: #000000\"><span style=\"font-family: 'Times New Roman', serif\"><span style=\"font-size: medium\">Incirlik fertig stellt. Und das obwohl das Mandat der Bundeswehr nur noch bis Ende 2016 gilt&#8230;..<\/span><\/span><\/span><\/p>\n<p>Auch wird von den ganzen Medien nicht erw\u00e4hnt, dass Deutschland der wichtigste Handelspartner der T\u00fcrkei ist und deutsche Konzerne die gr\u00f6\u00dften Investoren sind. W\u00e4hrend deutsche Waffenlieferanten wie MTU, Rheinmetall, Renk AG (Tochterkonzern von MAN, dieser geh\u00f6rt wiederum VW) und co. nicht mehr direkt Waffen in die t\u00fcrkische Republik liefern, sondern einfach zusammen mit t\u00fcrkischen Waffenproduzenten vor Ort neue Betriebe aufbauen und das Know-how weitergeben. Profite z\u00e4hlen eben mehr als Menschenleben. Und weil man diese Profite auch weiterhin sichern will, geht die deutsche Regierung auch hier gerne gegen PKK Anh\u00e4nger oder Sympathisanten vor und \u00fcberzieht dutzende Menschen mit Repression. Diese f\u00e4ngt dadurch an, dass die PKK hier immer noch als Terrororganisation eingestuft ist, obwohl sie die einzige Kraft war, die die Jesiden in Shingal besch\u00fctzte und ordentlich Widerstand gegen den IS leistete. Und die Repression geht weiter, indem Menschen mit Abschiebung gedroht wird, die sich an ganz normalen Demonstrationen oder Versammlungen beteiligen, wie es ihnen laut Grundgesetz (Artikel 8) zusteht.<\/p>\n<p>Ein weiteres Missverst\u00e4ndnis, welches auch immer wieder von den Medien und der deutschen Regierung verbreitet wird ist, dass die PKK einen eigenen Staat fordert. Doch von diesem Vorhaben ist man sp\u00e4testens seit 2004 abger\u00fcckt. Die kurdische Bewegung im Norden Syriens und im Osten der T\u00fcrkei wollen das System des demokratischen Konf\u00f6deralismus umsetzen. Mit 40% Frauenquoten, Doppelspitze Mann und Frau bei allen wichtigen \u00c4mtern, ein R\u00e4tesystem in dem sich die ganze Bev\u00f6lkerung einbringen kann und zwischen allen Ethnien und Religionen, wird ein friedliches Zusammenleben angestrebt. Der Versuch, ein alternatives Gesellschaftsmodell jenseits des Profitstrebens in den Grenzen der jeweiligen Staaten umzusetzen. Und genau dieses Projekt soll zerst\u00f6rt werden bevor es \u00fcber die Grenzen der T\u00fcrkei und Syrien hinaus bekannt wird. Denn dort hat die Bev\u00f6lkerung die Macht und nicht irgendwelche Banken, Konzerne oder korrupte Politiker.<\/p>\n<p>Wenn man derzeit durch Stadtteile wie Amed-Sur oder Cizre l\u00e4uft, dann k\u00f6nnte man meinen, man befindet sich in Syrien. Wenn sich hier in Deutschland kein Widerstand dagegen regt, dann wird das t\u00fcrkische Milit\u00e4r noch mehr Menschen t\u00f6ten, mehr Kulturst\u00e4tten zerst\u00f6ren und mehr Menschen zur Flucht gezwungen. Also lasst uns doch endlich aufh\u00f6ren weg zu schauen und berichten wir \u00fcber das Unrecht dort.<\/p>\n","protected":false},"excerpt":{"rendered":"<p>Ich bin doch etwas erstaunt, dass diese Zeitung es schafft zwar von Erdogan und seinem diktatorischen auftreten gegen die b\u00fcrgerliche Opposition zu schreiben, aber das Massaker an der kurdischen Bev\u00f6lkerung im Osten der T\u00fcrkei und<\/p>\n","protected":false},"author":9,"featured_media":0,"comment_status":"open","ping_status":"open","sticky":false,"template":"","format":"standard","meta":{"jetpack_post_was_ever_published":false,"_jetpack_newsletter_access":"","_jetpack_dont_email_post_to_subs":false,"_jetpack_newsletter_tier_id":0,"_jetpack_memberships_contains_paywalled_content":false,"_jetpack_memberships_contains_paid_content":false,"footnotes":"","jetpack_publicize_message":"","jetpack_publicize_feature_enabled":true,"jetpack_social_post_already_shared":true,"jetpack_social_options":{"image_generator_settings":{"template":"highway","default_image_id":0,"font":"","enabled":false},"version":2},"_links_to":"","_links_to_target":""},"categories":[36],"tags":[],"class_list":["post-1158","post","type-post","status-publish","format-standard","hentry","category-antimilitarismus"],"jetpack_publicize_connections":[],"jetpack_featured_media_url":"","jetpack_sharing_enabled":true,"jetpack_shortlink":"https:\/\/wp.me\/p4o1NU-iG","_links":{"self":[{"href":"https:\/\/linksjugend-solid-bw.de\/ortenau\/wp-json\/wp\/v2\/posts\/1158","targetHints":{"allow":["GET"]}}],"collection":[{"href":"https:\/\/linksjugend-solid-bw.de\/ortenau\/wp-json\/wp\/v2\/posts"}],"about":[{"href":"https:\/\/linksjugend-solid-bw.de\/ortenau\/wp-json\/wp\/v2\/types\/post"}],"author":[{"embeddable":true,"href":"https:\/\/linksjugend-solid-bw.de\/ortenau\/wp-json\/wp\/v2\/users\/9"}],"replies":[{"embeddable":true,"href":"https:\/\/linksjugend-solid-bw.de\/ortenau\/wp-json\/wp\/v2\/comments?post=1158"}],"version-history":[{"count":1,"href":"https:\/\/linksjugend-solid-bw.de\/ortenau\/wp-json\/wp\/v2\/posts\/1158\/revisions"}],"predecessor-version":[{"id":1159,"href":"https:\/\/linksjugend-solid-bw.de\/ortenau\/wp-json\/wp\/v2\/posts\/1158\/revisions\/1159"}],"wp:attachment":[{"href":"https:\/\/linksjugend-solid-bw.de\/ortenau\/wp-json\/wp\/v2\/media?parent=1158"}],"wp:term":[{"taxonomy":"category","embeddable":true,"href":"https:\/\/linksjugend-solid-bw.de\/ortenau\/wp-json\/wp\/v2\/categories?post=1158"},{"taxonomy":"post_tag","embeddable":true,"href":"https:\/\/linksjugend-solid-bw.de\/ortenau\/wp-json\/wp\/v2\/tags?post=1158"}],"curies":[{"name":"wp","href":"https:\/\/api.w.org\/{rel}","templated":true}]}}