{"id":1392,"date":"2018-05-03T17:52:37","date_gmt":"2018-05-03T17:52:37","guid":{"rendered":"http:\/\/linksjugend-solid-bw.de\/ortenau\/?p=1392"},"modified":"2022-06-10T20:04:24","modified_gmt":"2022-06-10T20:04:24","slug":"ja-zur-wohnortnahen-gesundheitsversorgung-sie-wollen-schliesen-wir-sagen-nein","status":"publish","type":"post","link":"https:\/\/linksjugend-solid-bw.de\/ortenau\/2018\/05\/03\/ja-zur-wohnortnahen-gesundheitsversorgung-sie-wollen-schliesen-wir-sagen-nein\/","title":{"rendered":"Ja zur wohnortnahen Gesundheitsversorgung &#8211; Sie wollen schlie\u00dfen, wir sagen Nein!"},"content":{"rendered":"<p>Vor ca. einem Jahr wurde das Modell Landrat ohne gro\u00dfe Diskussion durchgewunken. Dieses Modell beinhaltet die Schlie\u00dfung des Hauses in Gengenbach und Verlegungen vieler Abteilungen innerhalb des gesamten Klinikverbundes. Diese Verlegungen wiederum, schw\u00e4chen die \u201ekleineren\u201c Standorte und bereiten somit die geplante \u201eAgenda2030\u201c vor. \u00dcber die \u201eAgenda2030\u201c ist nur so viel bekannt, ihre Vertreter Scherer &amp; Keller wollen am Ende nur noch 4 Kliniken in der Ortenau. Darunter 2 Neubauten, deren Finanzierung sowie die Kosten noch nicht klar sind. Das bedeutet eine massive Verschlechterung f\u00fcr den Zugang zur wohnortnahen menschlichen Gesundheitsversorgung hin zum Gr\u00f6\u00dfenwahn der <a href=\"http:\/\/linksjugend-solid-bw.de\/ortenau\/wp-content\/uploads\/sites\/5\/2018\/05\/KHBildhp.png\"><img loading=\"lazy\" decoding=\"async\" class=\"size-medium wp-image-1395 alignleft\" src=\"http:\/\/linksjugend-solid-bw.de\/ortenau\/wp-content\/uploads\/sites\/5\/2018\/05\/KHBildhp-276x300.png\" alt=\"\" width=\"276\" height=\"300\" srcset=\"https:\/\/linksjugend-solid-bw.de\/ortenau\/wp-content\/uploads\/sites\/5\/2018\/05\/KHBildhp-276x300.png 276w, https:\/\/linksjugend-solid-bw.de\/ortenau\/wp-content\/uploads\/sites\/5\/2018\/05\/KHBildhp-768x834.png 768w, https:\/\/linksjugend-solid-bw.de\/ortenau\/wp-content\/uploads\/sites\/5\/2018\/05\/KHBildhp.png 869w\" sizes=\"auto, (max-width: 276px) 100vw, 276px\" \/><\/a>Gesundheitsfabrik. Wie bereits bei Modell Landrat, fehlt uns nun auch f\u00fcr die im Juni geplante Abstimmung die Diskussionsgrundlage f\u00fcr die Bev\u00f6lkerung. Ein Gutachten, das den Anschein erweckt nur durch Schlie\u00dfung sei unser Gesundheitssystem zu retten, wird durch unkritischen Journalismus unterst\u00fctzt. Somit entsteht in der Bev\u00f6lkerung das Bild der Alternativlosigkeit. Wir stellen uns gegen eine schnelle und oberfl\u00e4chlich gef\u00fchrte Diskussion. Es geht hierbei um die Gesundheitsversorgung von \u00fcber 420.000 Ortenauer B\u00fcrgerinnen und B\u00fcrgern. Genau diese m\u00fcssen in der Diskussion geh\u00f6rt werden. Da nicht nur aus ihren Steuergeldern das Gesundheitssystem mitfinanziert wird, sondern wir alle direkt von Schlie\u00dfungen unserer Krankenh\u00e4user betroffen sind. Am 12.06 wird der Krankenhausausschuss \u00fcber den genauen Inhalt der \u201eAgenda230\u201c beraten.<\/p>\n<p><!--more--><\/p>\n<p style=\"text-align: center\"><strong>Um den Mitgliedern des Ausschusses zu zeigen, dass es um uns, um Menschen geht, rufen wir f\u00fcr den 09.06 um 14Uhr am Offenburger Busbhf. zur Demonstration auf. <\/strong><\/p>\n<p>Denn nur wenn wir alle gemeinsam unseren politischen Vertretern im Kreistag klar zeigen, dass unsere Stimme geh\u00f6rt werden muss, k\u00f6nnen wir auf die Ver\u00e4nderungen in unserer Gesundheitsversorgung Einfluss nehmen. Mitentscheidung ist n\u00e4mlich eines der Prinzipien einer demokratischen Gesellschaft. Doch vor jeder Entscheidung muss ein offener Diskussionsprozess gef\u00fchrt werden, indem alle Fakten auf den Tisch kommen. Der Plan von Landrat Scherer und Christian Keller sieht eine Entscheidung noch vor der politischen Sommerpause vor. Das widerspricht unserer Vorstellung von einer politischen Interessensvertretung. Lasst uns gemeinsam auf die Stra\u00dfe gehen, f\u00fcr die Zukunft unserer wohnortnahen Gesundheitsversorgung.<\/p>\n<p style=\"text-align: center\">\n","protected":false},"excerpt":{"rendered":"<p>Vor ca. einem Jahr wurde das Modell Landrat ohne gro\u00dfe Diskussion durchgewunken. Dieses Modell beinhaltet die Schlie\u00dfung des Hauses in Gengenbach und Verlegungen vieler Abteilungen innerhalb des gesamten Klinikverbundes. Diese Verlegungen wiederum, schw\u00e4chen die \u201ekleineren\u201c<\/p>\n","protected":false},"author":9,"featured_media":0,"comment_status":"open","ping_status":"open","sticky":false,"template":"","format":"standard","meta":{"jetpack_post_was_ever_published":false,"_jetpack_newsletter_access":"","_jetpack_dont_email_post_to_subs":false,"_jetpack_newsletter_tier_id":0,"_jetpack_memberships_contains_paywalled_content":false,"_jetpack_memberships_contains_paid_content":false,"footnotes":"","jetpack_publicize_message":"","jetpack_publicize_feature_enabled":true,"jetpack_social_post_already_shared":true,"jetpack_social_options":{"image_generator_settings":{"template":"highway","default_image_id":0,"font":"","enabled":false},"version":2},"_links_to":"","_links_to_target":""},"categories":[51],"tags":[],"class_list":["post-1392","post","type-post","status-publish","format-standard","hentry","category-gesundheitsversorgung"],"jetpack_publicize_connections":[],"jetpack_featured_media_url":"","jetpack_sharing_enabled":true,"jetpack_shortlink":"https:\/\/wp.me\/p4o1NU-ms","_links":{"self":[{"href":"https:\/\/linksjugend-solid-bw.de\/ortenau\/wp-json\/wp\/v2\/posts\/1392","targetHints":{"allow":["GET"]}}],"collection":[{"href":"https:\/\/linksjugend-solid-bw.de\/ortenau\/wp-json\/wp\/v2\/posts"}],"about":[{"href":"https:\/\/linksjugend-solid-bw.de\/ortenau\/wp-json\/wp\/v2\/types\/post"}],"author":[{"embeddable":true,"href":"https:\/\/linksjugend-solid-bw.de\/ortenau\/wp-json\/wp\/v2\/users\/9"}],"replies":[{"embeddable":true,"href":"https:\/\/linksjugend-solid-bw.de\/ortenau\/wp-json\/wp\/v2\/comments?post=1392"}],"version-history":[{"count":2,"href":"https:\/\/linksjugend-solid-bw.de\/ortenau\/wp-json\/wp\/v2\/posts\/1392\/revisions"}],"predecessor-version":[{"id":2712,"href":"https:\/\/linksjugend-solid-bw.de\/ortenau\/wp-json\/wp\/v2\/posts\/1392\/revisions\/2712"}],"wp:attachment":[{"href":"https:\/\/linksjugend-solid-bw.de\/ortenau\/wp-json\/wp\/v2\/media?parent=1392"}],"wp:term":[{"taxonomy":"category","embeddable":true,"href":"https:\/\/linksjugend-solid-bw.de\/ortenau\/wp-json\/wp\/v2\/categories?post=1392"},{"taxonomy":"post_tag","embeddable":true,"href":"https:\/\/linksjugend-solid-bw.de\/ortenau\/wp-json\/wp\/v2\/tags?post=1392"}],"curies":[{"name":"wp","href":"https:\/\/api.w.org\/{rel}","templated":true}]}}