{"id":1427,"date":"2018-06-10T17:36:30","date_gmt":"2018-06-10T17:36:30","guid":{"rendered":"http:\/\/linksjugend-solid-bw.de\/ortenau\/?p=1427"},"modified":"2022-06-10T19:58:15","modified_gmt":"2022-06-10T19:58:15","slug":"demonstration-fur-den-erhalt-der-ortenauer-kliniken","status":"publish","type":"post","link":"https:\/\/linksjugend-solid-bw.de\/ortenau\/2018\/06\/10\/demonstration-fur-den-erhalt-der-ortenauer-kliniken\/","title":{"rendered":"Demonstration f\u00fcr den Erhalt der Ortenauer Kliniken"},"content":{"rendered":"<p>Trotz Badewetter und Temperaturen \u00fcber 30 Grad, fanden sich gestern ca. 200 Ortenauer und Ortenauerinnen in Offenburg ein, um gemeinsam f\u00fcr den Erhalt aller Ortenauer Kliniken zu demonstrieren. Die Forderungen nach einem Ende der Klinikschlie\u00dfungspl\u00e4ne und nach einer kostenlosen Gesundheitsversorgung wurden immer wieder lautstark in der Innenstadt kund getan. Des weiteren forderten die Demonstranten eine Entlastung des Personals, bessere Bezahlung sowie bessere Arbeitsbedingungen f\u00fcr die Pflegekr\u00e4fte. Yannik Hinzmann vom B\u00fcndnis f\u00fcr den Erhalte und Ausbau der Ortenauer Kliniken, forderte in seiner Reden den sofortige R\u00fccktritt des Klinikgesch\u00e4ftsf\u00fchrer Kellers, da dieser sich nicht um Patienten und Pflegekr\u00e4fte sorgt, sondern nur nach Wirtschaftlichkeit geht. Ebenfalls pochte er darauf, dass der Kreis die Pflicht hat, die angeblichen Defizite des Klinikums gegen zu finanzieren. Denn Gesundheit sei keine Ware.<br \/>\nMichael Herbstritt von Verdi merkte an, dass solch ein gro\u00dfes Zentralklinikum die wohnortnahe Gesundheitsversorgung keinesfalls st\u00e4rkt, sondern schw\u00e4cht und auch die Arbeitsbedingungen eher noch verschlechtert.<\/p>\n<p><!--more--><br \/>\nLautstark zog die Demonstration weiter Richtung Karstadt, wo Emma Stacey von der Linksjugend die Bev\u00f6lkerung dazu aufforderte nicht aufzugeben und den Widerstand weiter aufrecht zu erhalten. Denn wenn man jetzt aufgebe, n\u00e4hmen uns die Politiker am Ende noch die Schwimmb\u00e4der, Kinderg\u00e4rten und die Feuerwehr weg, unter dem fadenscheinigen Argument der Wirtschaftlichkeit.<br \/>\nFritz Preuschoff, Kreisrat der LINKE, betonte noch einmal, dass er und sein Kollege auf jeden Fall f\u00fcr den Erhalt von 9 Standorte im Kreistag stimmen werden und eine Schlie\u00dfung konsequent ablehnen.<br \/>\nBevor die Demonstration dann Richtung Ortenau Klinikum weiter lief, ergriff eine Haus\u00e4rztin noch das Mikrofon und betonte, dass die Notaufnahmen in der Ortenau schon jetzt am Limit seien. Sollten Krankenh\u00e4user in der Ortenau in Zukunft geschlossen werden, dann w\u00fcrden die Verantwortlichen mit Menschenleben spielen. Das d\u00fcrfe man keinesfalls zulassen.<\/p>\n<p><a href=\"http:\/\/linksjugend-solid-bw.de\/ortenau\/wp-content\/uploads\/sites\/5\/2018\/06\/Klinikdemo-Offenburg-09-06-2018-1050532.jpg\"><img loading=\"lazy\" decoding=\"async\" class=\"alignnone size-medium wp-image-1429\" src=\"http:\/\/linksjugend-solid-bw.de\/ortenau\/wp-content\/uploads\/sites\/5\/2018\/06\/Klinikdemo-Offenburg-09-06-2018-1050532-225x300.jpg\" alt=\"\" width=\"225\" height=\"300\" srcset=\"https:\/\/linksjugend-solid-bw.de\/ortenau\/wp-content\/uploads\/sites\/5\/2018\/06\/Klinikdemo-Offenburg-09-06-2018-1050532-225x300.jpg 225w, https:\/\/linksjugend-solid-bw.de\/ortenau\/wp-content\/uploads\/sites\/5\/2018\/06\/Klinikdemo-Offenburg-09-06-2018-1050532-768x1024.jpg 768w, https:\/\/linksjugend-solid-bw.de\/ortenau\/wp-content\/uploads\/sites\/5\/2018\/06\/Klinikdemo-Offenburg-09-06-2018-1050532.jpg 1050w\" sizes=\"auto, (max-width: 225px) 100vw, 225px\" \/><\/a><a href=\"http:\/\/linksjugend-solid-bw.de\/ortenau\/wp-content\/uploads\/sites\/5\/2018\/06\/Linke.jpg\"><img loading=\"lazy\" decoding=\"async\" class=\"alignnone size-medium wp-image-1430\" src=\"http:\/\/linksjugend-solid-bw.de\/ortenau\/wp-content\/uploads\/sites\/5\/2018\/06\/Linke-300x225.jpg\" alt=\"\" width=\"300\" height=\"225\" srcset=\"https:\/\/linksjugend-solid-bw.de\/ortenau\/wp-content\/uploads\/sites\/5\/2018\/06\/Linke-300x225.jpg 300w, https:\/\/linksjugend-solid-bw.de\/ortenau\/wp-content\/uploads\/sites\/5\/2018\/06\/Linke-768x576.jpg 768w, https:\/\/linksjugend-solid-bw.de\/ortenau\/wp-content\/uploads\/sites\/5\/2018\/06\/Linke-1024x768.jpg 1024w, https:\/\/linksjugend-solid-bw.de\/ortenau\/wp-content\/uploads\/sites\/5\/2018\/06\/Linke.jpg 1400w\" sizes=\"auto, (max-width: 300px) 100vw, 300px\" \/><\/a><a href=\"http:\/\/linksjugend-solid-bw.de\/ortenau\/wp-content\/uploads\/sites\/5\/2018\/06\/Klinikdemo-Offenburg-09-06-2018-1050529.jpg\"><img loading=\"lazy\" decoding=\"async\" class=\"alignnone size-medium wp-image-1428\" src=\"http:\/\/linksjugend-solid-bw.de\/ortenau\/wp-content\/uploads\/sites\/5\/2018\/06\/Klinikdemo-Offenburg-09-06-2018-1050529-300x225.jpg\" alt=\"\" width=\"300\" height=\"225\" srcset=\"https:\/\/linksjugend-solid-bw.de\/ortenau\/wp-content\/uploads\/sites\/5\/2018\/06\/Klinikdemo-Offenburg-09-06-2018-1050529-300x225.jpg 300w, https:\/\/linksjugend-solid-bw.de\/ortenau\/wp-content\/uploads\/sites\/5\/2018\/06\/Klinikdemo-Offenburg-09-06-2018-1050529-768x576.jpg 768w, https:\/\/linksjugend-solid-bw.de\/ortenau\/wp-content\/uploads\/sites\/5\/2018\/06\/Klinikdemo-Offenburg-09-06-2018-1050529-1024x768.jpg 1024w, https:\/\/linksjugend-solid-bw.de\/ortenau\/wp-content\/uploads\/sites\/5\/2018\/06\/Klinikdemo-Offenburg-09-06-2018-1050529.jpg 1400w\" sizes=\"auto, (max-width: 300px) 100vw, 300px\" \/><\/a><a href=\"http:\/\/linksjugend-solid-bw.de\/ortenau\/wp-content\/uploads\/sites\/5\/2018\/06\/demo.jpg\"><img loading=\"lazy\" decoding=\"async\" class=\"alignnone size-medium wp-image-1431\" src=\"http:\/\/linksjugend-solid-bw.de\/ortenau\/wp-content\/uploads\/sites\/5\/2018\/06\/demo-300x199.jpg\" alt=\"\" width=\"300\" height=\"199\" srcset=\"https:\/\/linksjugend-solid-bw.de\/ortenau\/wp-content\/uploads\/sites\/5\/2018\/06\/demo-300x199.jpg 300w, https:\/\/linksjugend-solid-bw.de\/ortenau\/wp-content\/uploads\/sites\/5\/2018\/06\/demo-768x511.jpg 768w, https:\/\/linksjugend-solid-bw.de\/ortenau\/wp-content\/uploads\/sites\/5\/2018\/06\/demo-1024x681.jpg 1024w, https:\/\/linksjugend-solid-bw.de\/ortenau\/wp-content\/uploads\/sites\/5\/2018\/06\/demo.jpg 1399w\" sizes=\"auto, (max-width: 300px) 100vw, 300px\" \/><\/a><\/p>\n","protected":false},"excerpt":{"rendered":"<p>Trotz Badewetter und Temperaturen \u00fcber 30 Grad, fanden sich gestern ca. 200 Ortenauer und Ortenauerinnen in Offenburg ein, um gemeinsam f\u00fcr den Erhalt aller Ortenauer Kliniken zu demonstrieren. Die Forderungen nach einem Ende der Klinikschlie\u00dfungspl\u00e4ne<\/p>\n","protected":false},"author":9,"featured_media":0,"comment_status":"open","ping_status":"open","sticky":false,"template":"","format":"standard","meta":{"jetpack_post_was_ever_published":false,"_jetpack_newsletter_access":"","_jetpack_dont_email_post_to_subs":false,"_jetpack_newsletter_tier_id":0,"_jetpack_memberships_contains_paywalled_content":false,"_jetpack_memberships_contains_paid_content":false,"footnotes":"","jetpack_publicize_message":"","jetpack_publicize_feature_enabled":true,"jetpack_social_post_already_shared":true,"jetpack_social_options":{"image_generator_settings":{"template":"highway","default_image_id":0,"font":"","enabled":false},"version":2},"_links_to":"","_links_to_target":""},"categories":[51],"tags":[],"class_list":["post-1427","post","type-post","status-publish","format-standard","hentry","category-gesundheitsversorgung"],"jetpack_publicize_connections":[],"jetpack_featured_media_url":"","jetpack_sharing_enabled":true,"jetpack_shortlink":"https:\/\/wp.me\/p4o1NU-n1","_links":{"self":[{"href":"https:\/\/linksjugend-solid-bw.de\/ortenau\/wp-json\/wp\/v2\/posts\/1427","targetHints":{"allow":["GET"]}}],"collection":[{"href":"https:\/\/linksjugend-solid-bw.de\/ortenau\/wp-json\/wp\/v2\/posts"}],"about":[{"href":"https:\/\/linksjugend-solid-bw.de\/ortenau\/wp-json\/wp\/v2\/types\/post"}],"author":[{"embeddable":true,"href":"https:\/\/linksjugend-solid-bw.de\/ortenau\/wp-json\/wp\/v2\/users\/9"}],"replies":[{"embeddable":true,"href":"https:\/\/linksjugend-solid-bw.de\/ortenau\/wp-json\/wp\/v2\/comments?post=1427"}],"version-history":[{"count":2,"href":"https:\/\/linksjugend-solid-bw.de\/ortenau\/wp-json\/wp\/v2\/posts\/1427\/revisions"}],"predecessor-version":[{"id":2704,"href":"https:\/\/linksjugend-solid-bw.de\/ortenau\/wp-json\/wp\/v2\/posts\/1427\/revisions\/2704"}],"wp:attachment":[{"href":"https:\/\/linksjugend-solid-bw.de\/ortenau\/wp-json\/wp\/v2\/media?parent=1427"}],"wp:term":[{"taxonomy":"category","embeddable":true,"href":"https:\/\/linksjugend-solid-bw.de\/ortenau\/wp-json\/wp\/v2\/categories?post=1427"},{"taxonomy":"post_tag","embeddable":true,"href":"https:\/\/linksjugend-solid-bw.de\/ortenau\/wp-json\/wp\/v2\/tags?post=1427"}],"curies":[{"name":"wp","href":"https:\/\/api.w.org\/{rel}","templated":true}]}}