{"id":1440,"date":"2018-07-02T17:54:03","date_gmt":"2018-07-02T17:54:03","guid":{"rendered":"http:\/\/linksjugend-solid-bw.de\/ortenau\/?p=1440"},"modified":"2022-06-10T19:54:09","modified_gmt":"2022-06-10T19:54:09","slug":"was-ist-los-in-nicaragua-rollback-regimechange-oder-gerechtfertigte-revolte","status":"publish","type":"post","link":"https:\/\/linksjugend-solid-bw.de\/ortenau\/2018\/07\/02\/was-ist-los-in-nicaragua-rollback-regimechange-oder-gerechtfertigte-revolte\/","title":{"rendered":"Was ist los in Nicaragua? &#8211; Rollback, Regimechange oder gerechtfertigte Revolte?"},"content":{"rendered":"\n<p>Seit Mitte April ist in Nicaragua der Teufel los. Stra\u00dfenschlachten und Barrikaden, Aufstandsbek\u00e4mpfungspolizei in den Stra\u00dfen, angez\u00fcndete H\u00e4user und n\u00e4chtliche Ausgangssperren. Ebenso werden Superm\u00e4rkte gepl\u00fcndert, Nahrungsmittel gehamstert und bei Auseinandersetzungen gab es mittlerweile ca. 200 Tote.<\/p>\n\n\n\n<p>Losgetreten wurde all das durch das tumbe verhalten der sandinistischen Regierung die versuchte die Sozialversicherung zu reformieren. Statt die Fakten auf den Tisch zu legen und im Parlament zu diskutieren, erlie\u00dfen sie nach gescheiterter Verhandlung mit dem Unternehmerverband COSEP ein Dekret, das sowohl die Arbeitgeber, wie auch \u2013 in geringerem Ma\u00dfe- die Arbeiter*innen zur Kasse bat sowie die Rente um 5% verringerte.<\/p>\n\n\n\n<!--more-->\n\n\n\n<p>Auch wenn nur relativ wenige Menschen der Gesamtbev\u00f6lkerung von den Ver\u00e4nderungen betroffen waren, l\u00f6sten die ersten Proteste von linken Student*innen und Zusammenst\u00f6\u00dfe mit der Staatsmacht, eine Welle von Sympathie aus. Viele solidarisierten sich, die bis dahin unbedeutenden rechten Parteien sprangen auf den Zug auf und versuchten Kapital aus der Situation zu schlagen. Der Unternehmerverband COSEP und die katholische Kirche brachen den jahrelangen Konsens mit den sozialdemokratisch verkommenden Sandinisten. Auch Zivilgesellschaftliche Gruppen wie die autonome Frauenbewegung und die Gegner*innen des Kanalprojekts durch Nicaragua, schlossen sich den Protesten an.<\/p>\n\n\n\n<p>Unser Referent lebt seit 30 Jahren in Nicaragua und war Teil der breiten Solidarit\u00e4tsbewegung in den 80er Jahren. Er wird die Geschichte Nicaraguas und der sandinistischen Bewegung von Beginn des 20 Jahrhunderts bis heute erl\u00e4utern, die gegenw\u00e4rtigen Akteure in dem Konflikt vorstellen und einen Ausblick wagen, wohin die Reise gehen wird.<\/p>\n\n\n\n<p><strong>Los gehts am 13.07 um 19:30Uhr im linken Zentrum R12 (Rammersweierstra\u00dfe 12) in Offenburg.<\/strong><\/p>\n","protected":false},"excerpt":{"rendered":"<p>Seit Mitte April ist in Nicaragua der Teufel los. Stra\u00dfenschlachten und Barrikaden, Aufstandsbek\u00e4mpfungspolizei in den Stra\u00dfen, angez\u00fcndete H\u00e4user und n\u00e4chtliche Ausgangssperren. Ebenso werden Superm\u00e4rkte gepl\u00fcndert, Nahrungsmittel gehamstert und bei Auseinandersetzungen gab es mittlerweile ca. 200<\/p>\n","protected":false},"author":9,"featured_media":0,"comment_status":"open","ping_status":"open","sticky":false,"template":"","format":"standard","meta":{"jetpack_post_was_ever_published":false,"_jetpack_newsletter_access":"","_jetpack_dont_email_post_to_subs":false,"_jetpack_newsletter_tier_id":0,"_jetpack_memberships_contains_paywalled_content":false,"_jetpack_memberships_contains_paid_content":false,"footnotes":"","jetpack_publicize_message":"","jetpack_publicize_feature_enabled":true,"jetpack_social_post_already_shared":true,"jetpack_social_options":{"image_generator_settings":{"template":"highway","default_image_id":0,"font":"","enabled":false},"version":2},"_links_to":"","_links_to_target":""},"categories":[39,7],"tags":[],"class_list":["post-1440","post","type-post","status-publish","format-standard","hentry","category-arbeiterbewegung","category-veranstaltungen"],"jetpack_publicize_connections":[],"jetpack_featured_media_url":"","jetpack_sharing_enabled":true,"jetpack_shortlink":"https:\/\/wp.me\/p4o1NU-ne","_links":{"self":[{"href":"https:\/\/linksjugend-solid-bw.de\/ortenau\/wp-json\/wp\/v2\/posts\/1440","targetHints":{"allow":["GET"]}}],"collection":[{"href":"https:\/\/linksjugend-solid-bw.de\/ortenau\/wp-json\/wp\/v2\/posts"}],"about":[{"href":"https:\/\/linksjugend-solid-bw.de\/ortenau\/wp-json\/wp\/v2\/types\/post"}],"author":[{"embeddable":true,"href":"https:\/\/linksjugend-solid-bw.de\/ortenau\/wp-json\/wp\/v2\/users\/9"}],"replies":[{"embeddable":true,"href":"https:\/\/linksjugend-solid-bw.de\/ortenau\/wp-json\/wp\/v2\/comments?post=1440"}],"version-history":[{"count":2,"href":"https:\/\/linksjugend-solid-bw.de\/ortenau\/wp-json\/wp\/v2\/posts\/1440\/revisions"}],"predecessor-version":[{"id":2701,"href":"https:\/\/linksjugend-solid-bw.de\/ortenau\/wp-json\/wp\/v2\/posts\/1440\/revisions\/2701"}],"wp:attachment":[{"href":"https:\/\/linksjugend-solid-bw.de\/ortenau\/wp-json\/wp\/v2\/media?parent=1440"}],"wp:term":[{"taxonomy":"category","embeddable":true,"href":"https:\/\/linksjugend-solid-bw.de\/ortenau\/wp-json\/wp\/v2\/categories?post=1440"},{"taxonomy":"post_tag","embeddable":true,"href":"https:\/\/linksjugend-solid-bw.de\/ortenau\/wp-json\/wp\/v2\/tags?post=1440"}],"curies":[{"name":"wp","href":"https:\/\/api.w.org\/{rel}","templated":true}]}}