{"id":1442,"date":"2018-07-08T16:56:24","date_gmt":"2018-07-08T16:56:24","guid":{"rendered":"http:\/\/linksjugend-solid-bw.de\/ortenau\/?p=1442"},"modified":"2018-07-08T16:56:24","modified_gmt":"2018-07-08T16:56:24","slug":"jetzt-gehts-ums-ganze-klinikschliesungen-verhindern-demo-am-21-07-um-14uhr","status":"publish","type":"post","link":"https:\/\/linksjugend-solid-bw.de\/ortenau\/2018\/07\/08\/jetzt-gehts-ums-ganze-klinikschliesungen-verhindern-demo-am-21-07-um-14uhr\/","title":{"rendered":"Jetzt geht\u00b4s ums Ganze! Klinikschlie\u00dfungen verhindern! Demo am 21.07 um 14Uhr"},"content":{"rendered":"<div class=\"_10 uiLayer _4-hy _3qw\">\n<div class=\"_59s7\" role=\"dialog\">\n<div class=\"_4t2a\">\n<div class=\"_2tt7\">\n<div class=\"_5pcb _3z-f __b4\">\n<div role=\"feed\">\n<div id=\"u_2e_0\" class=\"_4-u2 mbm _4mrt _5jmm _5pat _5v3q _5uun _4-u8\" role=\"article\">\n<div id=\"u_2e_1\" class=\"_3ccb\">\n<div class=\"_5pcr userContentWrapper\">\n<div class=\"_1dwg _1w_m _q7o\">\n<div id=\"js_i2\" class=\"_5pbx userContent _3576\">\n<div class=\"_10 uiLayer _4-hy _3qw\">\n<div class=\"_59s7\" role=\"dialog\">\n<div class=\"_4t2a\">\n<div>\n<div>\n<div>\n<div class=\"_2tt7\">\n<div class=\"_5pcb _3z-f __b4\">\n<div role=\"feed\">\n<div id=\"u_2e_0\" class=\"_4-u2 mbm _4mrt _5jmm _5pat _5v3q _5uun _4-u8\" role=\"article\">\n<div id=\"u_2e_1\" class=\"_3ccb\">\n<div class=\"_5pcr userContentWrapper\">\n<div class=\"_1dwg _1w_m _q7o\">\n<div>\n<div id=\"js_i2\" class=\"_5pbx userContent _3576\">\n<p>Wir k\u00e4mpfen f\u00fcr unsere Kliniken!<\/p>\n<p>\u201eBeweis des Vertrauens in die Entscheidungstr\u00e4ger\u201c \u2013 Landrat Scherer<\/p>\n<p>Dass so wenig Menschen bei den Demonstrationen gegen die Schlie\u00dfungen und bei den bisherigen Infotagen des Ortenau Klinikums teilnahmen, zeige, dass die B\u00fcrger mehrheitlich hinter dem Projekt <a href=\"http:\/\/linksjugend-solid-bw.de\/ortenau\/wp-content\/uploads\/sites\/5\/2018\/07\/Plakat-blau-rot.png\"><img loading=\"lazy\" decoding=\"async\" class=\"size-medium wp-image-1443 alignright\" src=\"http:\/\/linksjugend-solid-bw.de\/ortenau\/wp-content\/uploads\/sites\/5\/2018\/07\/Plakat-blau-rot-212x300.png\" alt=\"\" width=\"212\" height=\"300\" srcset=\"https:\/\/linksjugend-solid-bw.de\/ortenau\/wp-content\/uploads\/sites\/5\/2018\/07\/Plakat-blau-rot-212x300.png 212w, https:\/\/linksjugend-solid-bw.de\/ortenau\/wp-content\/uploads\/sites\/5\/2018\/07\/Plakat-blau-rot-768x1085.png 768w, https:\/\/linksjugend-solid-bw.de\/ortenau\/wp-content\/uploads\/sites\/5\/2018\/07\/Plakat-blau-rot-725x1024.png 725w, https:\/\/linksjugend-solid-bw.de\/ortenau\/wp-content\/uploads\/sites\/5\/2018\/07\/Plakat-blau-rot.png 1000w\" sizes=\"auto, (max-width: 212px) 100vw, 212px\" \/><\/a>\u201eAgenda2030\u201c stehen, so der Landrat der Ortenau. Wir aber nennen es \u201epure Arroganz der Macht\u201c, die den Landrat und die Kreisverwaltung mittlerweile \u00fcberkommen hat. Denn wer \u00fcber 50.000 Unterschriften, hunderte Demonstrantinnen und Teilnehmer von Veranstaltungen f\u00fcr den Erhalt aller Klinikstandorte, als Zustimmung f\u00fcr Schlie\u00dfungspl\u00e4ne sieht, der zeigt, was er von Mitbestimmung und Basisdemokratie h\u00e4lt. Hinzu kommt, dass die Informationstage erst nach dem Beschluss des Krankenhausausschusses stattfanden und die Auftaktveranstaltung an einem Freitag um 14 Uhr begann, wo die allermeisten Menschen eigentlich noch arbeiten. Es tut sich hier der Verdacht auf, dass man eben keine kritischen Stimmen dabei haben wollte oder aber v\u00f6llig den Bezug zum Arbeitsalltag der Bev\u00f6lkerung in der Ortenau verloren hat.<\/p>\n<p><!--more--><\/div>\n<p>Uns haben die regen Diskussionen auf der Stra\u00dfe, in der Presse sowie auf diversen Internetplattformen gezeigt, dass das Vertrauen in die Entscheidungstr\u00e4ger stark ersch\u00fcttert ist. Und das nicht ohne Grund: Fadenscheinige Gutachten, die st\u00e4ndige Betonung der wirtschaftlichen Rentabilit\u00e4t unserer Gesundheitsversorgung und nicht zu Letzt der Eindruck, es sei ohnehin schon alles hinter verschlossenen T\u00fcren entschieden. Doch die Entscheidung zu \u201eAgenda 2030\u201c werden unsere Kreisr\u00e4te erst am 24. Juli treffen.<\/p>\n<p>Klar ist, dass wir uns nach diesen Aussagen nicht ausschlie\u00dflich auf Unterschriftenlisten verlassen k\u00f6nnen. Wir m\u00fcssen die Aktionsformen erweitern und den Widerstand auf die Stra\u00dfe bringen. Hierzu ruft das B\u00fcndnis, \u201eF\u00fcr den Erhalt und Ausbau aller Ortenauer Klinikstandorte\u201c f\u00fcr Samstag, den 21. Juli zu einer gemeinsamen Gro\u00dfdemonstration in Offenburg auf. Denn nur zusammen k\u00f6nnen wir den Politikern zu verstehen geben, dass eine gute Gesundheitsversorgung wichtiger ist als um jeden Preis ausgeglichene Finanzen.<\/p>\n<p>\u201eModell Landrat\u201c und \u201eAgenda 2030\u201c stehen auf wackligen Beinen!<\/p>\n<p>Kreisrat Fritz Preuschoff von der Partei die LINKE zum Beispiel, hat Einspruch gegen das Modell Landrat beim Regierungspr\u00e4sidium Freiburg eingereicht \u2013 er ist der Meinung, diese Schlie\u00dfungen seien illegal. Denn Kliniken so wie Betten, d\u00fcrfen nur vom Landeskrankenhausausschuss in Zusammenarbeit mit dem Landessozialministerium geschlossen werden.<\/p>\n<p>Also werde aktiv, sprich mit deinen Freundinnen und Bekannten \u00fcber das Thema. Beteilige dich an Aktionen sowie an den \u201eInfoveranstaltungen\u201c des Landrats. Wir werden die Schlie\u00dfungen nicht hinnehmen! Kommt alle am 21.07 um 14 Uhr nach Offenburg (Busbahnhof). Lasst uns laut und gemeinsam f\u00fcr unsere wohnortnahe Gesundheitsversorgung auf die Stra\u00dfe gehen!<\/p>\n<p>Informieren \u2013 Organisieren \u2013 Handeln!<\/p>\n<\/div>\n<\/div>\n<\/div>\n<\/div>\n<\/div>\n<\/div>\n<\/div>\n<\/div>\n<\/div>\n<\/div>\n<\/div>\n<\/div>\n<\/div>\n<\/div>\n<\/div>\n<\/div>\n<\/div>\n<\/div>\n<\/div>\n<\/div>\n<\/div>\n<\/div>\n<\/div>\n<\/div>\n<\/div>\n","protected":false},"excerpt":{"rendered":"<p>Wir k\u00e4mpfen f\u00fcr unsere Kliniken! \u201eBeweis des Vertrauens in die Entscheidungstr\u00e4ger\u201c \u2013 Landrat Scherer Dass so wenig Menschen bei den Demonstrationen gegen die Schlie\u00dfungen und bei den bisherigen Infotagen des Ortenau Klinikums teilnahmen, zeige, dass<\/p>\n","protected":false},"author":9,"featured_media":0,"comment_status":"open","ping_status":"open","sticky":false,"template":"","format":"standard","meta":{"jetpack_post_was_ever_published":false,"_jetpack_newsletter_access":"","_jetpack_dont_email_post_to_subs":false,"_jetpack_newsletter_tier_id":0,"_jetpack_memberships_contains_paywalled_content":false,"_jetpack_memberships_contains_paid_content":false,"footnotes":"","jetpack_publicize_message":"","jetpack_publicize_feature_enabled":true,"jetpack_social_post_already_shared":true,"jetpack_social_options":{"image_generator_settings":{"template":"highway","default_image_id":0,"font":"","enabled":false},"version":2},"_links_to":"","_links_to_target":""},"categories":[51,7],"tags":[],"class_list":["post-1442","post","type-post","status-publish","format-standard","hentry","category-gesundheitsversorgung","category-veranstaltungen"],"jetpack_publicize_connections":[],"jetpack_featured_media_url":"","jetpack_sharing_enabled":true,"jetpack_shortlink":"https:\/\/wp.me\/p4o1NU-ng","_links":{"self":[{"href":"https:\/\/linksjugend-solid-bw.de\/ortenau\/wp-json\/wp\/v2\/posts\/1442","targetHints":{"allow":["GET"]}}],"collection":[{"href":"https:\/\/linksjugend-solid-bw.de\/ortenau\/wp-json\/wp\/v2\/posts"}],"about":[{"href":"https:\/\/linksjugend-solid-bw.de\/ortenau\/wp-json\/wp\/v2\/types\/post"}],"author":[{"embeddable":true,"href":"https:\/\/linksjugend-solid-bw.de\/ortenau\/wp-json\/wp\/v2\/users\/9"}],"replies":[{"embeddable":true,"href":"https:\/\/linksjugend-solid-bw.de\/ortenau\/wp-json\/wp\/v2\/comments?post=1442"}],"version-history":[{"count":1,"href":"https:\/\/linksjugend-solid-bw.de\/ortenau\/wp-json\/wp\/v2\/posts\/1442\/revisions"}],"predecessor-version":[{"id":1444,"href":"https:\/\/linksjugend-solid-bw.de\/ortenau\/wp-json\/wp\/v2\/posts\/1442\/revisions\/1444"}],"wp:attachment":[{"href":"https:\/\/linksjugend-solid-bw.de\/ortenau\/wp-json\/wp\/v2\/media?parent=1442"}],"wp:term":[{"taxonomy":"category","embeddable":true,"href":"https:\/\/linksjugend-solid-bw.de\/ortenau\/wp-json\/wp\/v2\/categories?post=1442"},{"taxonomy":"post_tag","embeddable":true,"href":"https:\/\/linksjugend-solid-bw.de\/ortenau\/wp-json\/wp\/v2\/tags?post=1442"}],"curies":[{"name":"wp","href":"https:\/\/api.w.org\/{rel}","templated":true}]}}