{"id":1595,"date":"2019-03-26T16:28:57","date_gmt":"2019-03-26T16:28:57","guid":{"rendered":"http:\/\/linksjugend-solid-bw.de\/ortenau\/?p=1595"},"modified":"2022-06-10T19:21:36","modified_gmt":"2022-06-10T19:21:36","slug":"was-passiert-eigentlich-gerade-in-venezuela","status":"publish","type":"post","link":"https:\/\/linksjugend-solid-bw.de\/ortenau\/2019\/03\/26\/was-passiert-eigentlich-gerade-in-venezuela\/","title":{"rendered":"Venezuela &#8211; V\u00f6lkerrecht oder Barbarei?"},"content":{"rendered":"<div class=\"wp-block-image\">\n<figure class=\"alignleft is-resized\"><img loading=\"lazy\" decoding=\"async\" src=\"http:\/\/linksjugend-solid-bw.de\/ortenau\/wp-content\/uploads\/sites\/5\/2019\/03\/54255871_1224986514322821_4056405850099548160_n.jpg\" alt=\"\" class=\"wp-image-1596\" width=\"373\" height=\"240\" srcset=\"https:\/\/linksjugend-solid-bw.de\/ortenau\/wp-content\/uploads\/sites\/5\/2019\/03\/54255871_1224986514322821_4056405850099548160_n.jpg 960w, https:\/\/linksjugend-solid-bw.de\/ortenau\/wp-content\/uploads\/sites\/5\/2019\/03\/54255871_1224986514322821_4056405850099548160_n-300x193.jpg 300w, https:\/\/linksjugend-solid-bw.de\/ortenau\/wp-content\/uploads\/sites\/5\/2019\/03\/54255871_1224986514322821_4056405850099548160_n-768x495.jpg 768w\" sizes=\"auto, (max-width: 373px) 100vw, 373px\" \/><\/figure><\/div>\n\n\n<p><em><strong>Vortrag und Diskussion am 09.04.19 um 19:00 Uhr, Rammersweirerstra\u00dfe 12 in Offenburg!<\/strong><\/em><\/p>\n\n\n\n<p>Ein neuer Krieg droht Lateinamerika zu ersch\u00fcttern. Der selbsternannte \u201eInterims-Pr\u00e4sident\u201c Juan Guaid\u00f3 fordert offen eine Milit\u00e4rintervention in Venezuela. Bereits am 12. April 2002 gab es einen Putschversuch gegen die gew\u00e4hlte Chavez-Regierung mit Unterst\u00fctzung der rechten spanischen Aznar-Regierung und der US-Regierung unter Bush, der aber von der Bev\u00f6lkerung verhindert werden konnte.<br>Das Modell der bolivianischen Revolution, die \u00d6leinnahmen f\u00fcr sp\u00fcrbare Verbesserungen der sozialen Situation der verarmten Bev\u00f6lkerung zu verwenden, und das neu initiierte Wirtschaftsb\u00fcndnis ALBA f\u00fchrten zum Aufschwung von sozialen Bewegungen und linken Regierungen in ganz Lateinamerika, wie z.B. in Bolivien, Ecuador, Uruguay, sowie Brasilien und Argentinien. Die medizinische Versorgung, Bildungsm\u00f6glichkeiten, sowie demokratische Strukturen wurden so erm\u00f6glicht.<\/p>\n\n\n\n<!--more-->\n\n\n\n<p>Der Fall des \u00d6lpreises und der Boykott der USA f\u00fchrte jedoch in eine Krise, die durch Fehler in der Wirtschaftspolitik der Regierung Maduro weiter versch\u00e4rft wurde. Seit l\u00e4ngerer Zeit wird Venezuela nunmehr von heftigen Unruhen ersch\u00fcttert. Die Situation hat sich in den letzten Monaten dramatisch verschlechtert. Es herrscht Mangel an Lebensmitteln und Medikamenten. <br>Unabh\u00e4ngig davon, wie man zu Pr\u00e4sident Maduro steht, verst\u00f6\u00dft eine m\u00f6gliche gewaltsame Intervention von au\u00dfen nicht nur gegen das V\u00f6lkerrecht, sondern w\u00fcrde die Lage der Menschen in Venezuela weiter verschlimmern. Mit Unterst\u00fctzung der USA hat sich der Vorsitzende der Nationalversammlung Venezuelas Juan Guaid\u00f3 in putschistischer Manier zum \u201aInterimspr\u00e4sidenten\u2018 erkl\u00e4rt. Er konstituierte gegen den rechtm\u00e4\u00dfig gew\u00e4hlten Staatspr\u00e4sidenten Venezuelas Nicolas Maduro eine Gegenregierung und versucht inzwischen von au\u00dfen diese Regierung zu st\u00fcrzen. Guaid\u00f3 erf\u00e4hrt dabei massive Unterst\u00fctzung durch die USA, einige EU-Staaten, sowie durch 35 weitere L\u00e4nder. Der Rest der V\u00f6lkergemeinschaft und die UNO lehnen eine Einmischung in die inneren Angelegenheiten Venezuelas ab und fordern friedliche Regelungen. <br>Was wirklich in den letzten Jahren in Venezuela geschah und was dort heute passiert, wird in den Medien Deutschlands sehr einseitig und parteiisch dargestellt. Diese Informationsveranstaltung soll mehr Klarheit zur Situation in Venezuela vermitteln. <\/p>\n\n\n\n<p>Es referieren Andre Hunko und Michel Brandt MdB der Partei Die Linke.<\/p>\n","protected":false},"excerpt":{"rendered":"<p>Vortrag und Diskussion am 09.04.19 um 19:00 Uhr, Rammersweirerstra\u00dfe 12 in Offenburg! Ein neuer Krieg droht Lateinamerika zu ersch\u00fcttern. Der selbsternannte \u201eInterims-Pr\u00e4sident\u201c Juan Guaid\u00f3 fordert offen eine Milit\u00e4rintervention in Venezuela. Bereits am 12. April 2002<\/p>\n","protected":false},"author":9,"featured_media":0,"comment_status":"open","ping_status":"open","sticky":false,"template":"","format":"standard","meta":{"jetpack_post_was_ever_published":false,"_jetpack_newsletter_access":"","_jetpack_dont_email_post_to_subs":false,"_jetpack_newsletter_tier_id":0,"_jetpack_memberships_contains_paywalled_content":false,"_jetpack_memberships_contains_paid_content":false,"footnotes":"","jetpack_publicize_message":"","jetpack_publicize_feature_enabled":true,"jetpack_social_post_already_shared":true,"jetpack_social_options":{"image_generator_settings":{"template":"highway","default_image_id":0,"font":"","enabled":false},"version":2},"_links_to":"","_links_to_target":""},"categories":[50,7],"tags":[],"class_list":["post-1595","post","type-post","status-publish","format-standard","hentry","category-imperialismus","category-veranstaltungen"],"jetpack_publicize_connections":[],"jetpack_featured_media_url":"","jetpack_sharing_enabled":true,"jetpack_shortlink":"https:\/\/wp.me\/p4o1NU-pJ","_links":{"self":[{"href":"https:\/\/linksjugend-solid-bw.de\/ortenau\/wp-json\/wp\/v2\/posts\/1595","targetHints":{"allow":["GET"]}}],"collection":[{"href":"https:\/\/linksjugend-solid-bw.de\/ortenau\/wp-json\/wp\/v2\/posts"}],"about":[{"href":"https:\/\/linksjugend-solid-bw.de\/ortenau\/wp-json\/wp\/v2\/types\/post"}],"author":[{"embeddable":true,"href":"https:\/\/linksjugend-solid-bw.de\/ortenau\/wp-json\/wp\/v2\/users\/9"}],"replies":[{"embeddable":true,"href":"https:\/\/linksjugend-solid-bw.de\/ortenau\/wp-json\/wp\/v2\/comments?post=1595"}],"version-history":[{"count":6,"href":"https:\/\/linksjugend-solid-bw.de\/ortenau\/wp-json\/wp\/v2\/posts\/1595\/revisions"}],"predecessor-version":[{"id":2678,"href":"https:\/\/linksjugend-solid-bw.de\/ortenau\/wp-json\/wp\/v2\/posts\/1595\/revisions\/2678"}],"wp:attachment":[{"href":"https:\/\/linksjugend-solid-bw.de\/ortenau\/wp-json\/wp\/v2\/media?parent=1595"}],"wp:term":[{"taxonomy":"category","embeddable":true,"href":"https:\/\/linksjugend-solid-bw.de\/ortenau\/wp-json\/wp\/v2\/categories?post=1595"},{"taxonomy":"post_tag","embeddable":true,"href":"https:\/\/linksjugend-solid-bw.de\/ortenau\/wp-json\/wp\/v2\/tags?post=1595"}],"curies":[{"name":"wp","href":"https:\/\/api.w.org\/{rel}","templated":true}]}}