{"id":1604,"date":"2019-04-16T17:43:17","date_gmt":"2019-04-16T17:43:17","guid":{"rendered":"http:\/\/linksjugend-solid-bw.de\/ortenau\/?p=1604"},"modified":"2022-06-10T19:20:30","modified_gmt":"2022-06-10T19:20:30","slug":"verkehrswende-jetzt-strasenfest-und-fahrraddemo-am-04-mai-2019","status":"publish","type":"post","link":"https:\/\/linksjugend-solid-bw.de\/ortenau\/2019\/04\/16\/verkehrswende-jetzt-strasenfest-und-fahrraddemo-am-04-mai-2019\/","title":{"rendered":"VERKEHRSWENDE JETZT! &#8211; Stra\u00dfenfest und Fahrraddemo am 04. Mai 2019"},"content":{"rendered":"<div class=\"wp-block-image\">\n<figure class=\"alignleft is-resized\"><img loading=\"lazy\" decoding=\"async\" src=\"http:\/\/linksjugend-solid-bw.de\/ortenau\/wp-content\/uploads\/sites\/5\/2019\/04\/Plakat-1.png\" alt=\"\" class=\"wp-image-1611\" width=\"326\" height=\"460\" srcset=\"https:\/\/linksjugend-solid-bw.de\/ortenau\/wp-content\/uploads\/sites\/5\/2019\/04\/Plakat-1.png 658w, https:\/\/linksjugend-solid-bw.de\/ortenau\/wp-content\/uploads\/sites\/5\/2019\/04\/Plakat-1-213x300.png 213w\" sizes=\"auto, (max-width: 326px) 100vw, 326px\" \/><\/figure><\/div>\n\n\n<p><em><strong>Stra\u00dfenfest: Um 12 Uhr an der Lange Stra\u00dfe in Offenburg<\/strong><\/em><\/p>\n\n\n\n<p><strong><em>Fahrraddemo: Um 14 Uhr am Busbahnhof in Offenburg<\/em><\/strong><\/p>\n\n\n\n<p>Wir haben einfach zu viele Autos. Sie heizen durch ihren CO2-Aussto\u00df den Klimawandel an, f\u00f6rdern den Raubbau der Natur f\u00fcr den ben\u00f6tigten Treibstoff, sie verpesten die Luft, verstopfen die Stra\u00dfen der St\u00e4dte und verursachen Unmengen an Unf\u00e4llen.                                                                               <\/p>\n\n\n\n<p class=\"has-text-align-left\">Klimawandel stoppen &#8211; Verkehrswende jetzt!                       Fu\u00dfg\u00e4nger*innen und Fahrradfahrer*innen holen sich ihre Stadt zur\u00fcck!                                     <\/p>\n\n\n\n<p>Stillschweigend werden diese Nachteile in Kauf genommen, wird die Umwelt belastet, werden St\u00e4dte zugeparkt, Fu\u00dfg\u00e4nger*innen und Fahrradfahrer*innen r\u00fccksichtslos an den Rand der Verkehrswege gedr\u00e4ngt und gen\u00f6tigt.<\/p>\n\n\n\n<p>Gibt es keine Alternativen? Ja, klar, Bus-, Bahn- und Fahrradfahren. Leider sind diese Alternativen oft nur wenig attraktiv. Die Taktzeiten der \u00f6ffentlichen Verkehrsmittel vor allem in den Randgebieten von St\u00e4dten und in den D\u00f6rfern erfordern enorm viel Zeit. Abends und an den Wochenenden geht sowieso (fast) nichts mehr. Die Preise laden auch nicht gerade dazu ein, mal schnell mit dem Bus in die Stadt zu fahren. Und das Fahrrad aus der Garage zu holen grenzt bei unseren Stra\u00dfenverh\u00e4ltnissen manchmal an Lebensm\u00fcdigkeit.<\/p>\n\n\n\n<!--more-->\n\n\n\n<p>Deshalb fordern wir &#8211; als relativ einfach umsetzbare Ma\u00dfnahme gegen den Klimawandel &#8211; den \u00f6ffentlichen Nahverkehr so auszubauen, dass er eine wirkliche Alternative zum Individualverkehr darstellt.<\/p>\n\n\n\n<p>Am 04. Mai 2019 wollen wir mit euch von 12 bis 17 Uhr die Lange Stra\u00dfe in Offenburg mit einem Stra\u00dfenfest in eine autofreie Zone verwandeln. Kommt dazu und feiert mit, lasst uns gemeinsam mit Musik, leckerem Essen, Spielen, Infost\u00e4nden und vielen tollen Begegnungen die Stra\u00dfe zur\u00fcck erobern. Holt euer Fahrrad aus dem Keller und nehmt an der Fahrraddemo um 14 Uhr am Busbahnhof ZOB teil.<\/p>\n\n\n\n<p><\/p>\n","protected":false},"excerpt":{"rendered":"<p>Stra\u00dfenfest: Um 12 Uhr an der Lange Stra\u00dfe in Offenburg Fahrraddemo: Um 14 Uhr am Busbahnhof in Offenburg Wir haben einfach zu viele Autos. Sie heizen durch ihren CO2-Aussto\u00df den Klimawandel an, f\u00f6rdern den Raubbau<\/p>\n","protected":false},"author":9,"featured_media":0,"comment_status":"open","ping_status":"open","sticky":false,"template":"","format":"standard","meta":{"jetpack_post_was_ever_published":false,"_jetpack_newsletter_access":"","_jetpack_dont_email_post_to_subs":false,"_jetpack_newsletter_tier_id":0,"_jetpack_memberships_contains_paywalled_content":false,"_jetpack_memberships_contains_paid_content":false,"footnotes":"","jetpack_publicize_message":"","jetpack_publicize_feature_enabled":true,"jetpack_social_post_already_shared":true,"jetpack_social_options":{"image_generator_settings":{"template":"highway","default_image_id":0,"font":"","enabled":false},"version":2},"_links_to":"","_links_to_target":""},"categories":[2,54,7],"tags":[],"class_list":["post-1604","post","type-post","status-publish","format-standard","hentry","category-aktion","category-nahverkehr","category-veranstaltungen"],"jetpack_publicize_connections":[],"jetpack_featured_media_url":"","jetpack_sharing_enabled":true,"jetpack_shortlink":"https:\/\/wp.me\/p4o1NU-pS","_links":{"self":[{"href":"https:\/\/linksjugend-solid-bw.de\/ortenau\/wp-json\/wp\/v2\/posts\/1604","targetHints":{"allow":["GET"]}}],"collection":[{"href":"https:\/\/linksjugend-solid-bw.de\/ortenau\/wp-json\/wp\/v2\/posts"}],"about":[{"href":"https:\/\/linksjugend-solid-bw.de\/ortenau\/wp-json\/wp\/v2\/types\/post"}],"author":[{"embeddable":true,"href":"https:\/\/linksjugend-solid-bw.de\/ortenau\/wp-json\/wp\/v2\/users\/9"}],"replies":[{"embeddable":true,"href":"https:\/\/linksjugend-solid-bw.de\/ortenau\/wp-json\/wp\/v2\/comments?post=1604"}],"version-history":[{"count":4,"href":"https:\/\/linksjugend-solid-bw.de\/ortenau\/wp-json\/wp\/v2\/posts\/1604\/revisions"}],"predecessor-version":[{"id":2677,"href":"https:\/\/linksjugend-solid-bw.de\/ortenau\/wp-json\/wp\/v2\/posts\/1604\/revisions\/2677"}],"wp:attachment":[{"href":"https:\/\/linksjugend-solid-bw.de\/ortenau\/wp-json\/wp\/v2\/media?parent=1604"}],"wp:term":[{"taxonomy":"category","embeddable":true,"href":"https:\/\/linksjugend-solid-bw.de\/ortenau\/wp-json\/wp\/v2\/categories?post=1604"},{"taxonomy":"post_tag","embeddable":true,"href":"https:\/\/linksjugend-solid-bw.de\/ortenau\/wp-json\/wp\/v2\/tags?post=1604"}],"curies":[{"name":"wp","href":"https:\/\/api.w.org\/{rel}","templated":true}]}}