{"id":1718,"date":"2019-12-30T15:49:52","date_gmt":"2019-12-30T15:49:52","guid":{"rendered":"http:\/\/linksjugend-solid-bw.de\/ortenau\/?p=1718"},"modified":"2022-06-10T19:09:32","modified_gmt":"2022-06-10T19:09:32","slug":"der-marktgerechte-mensch-filmvorfuhrung","status":"publish","type":"post","link":"https:\/\/linksjugend-solid-bw.de\/ortenau\/2019\/12\/30\/der-marktgerechte-mensch-filmvorfuhrung\/","title":{"rendered":"Der marktgerechte Mensch -Filmvorf\u00fchrung"},"content":{"rendered":"\n<p><strong><em>Filmvorf\u00fchrung am Freitag, den 17. Januar 2020 um 19:30 Uhr in der Rammersweierstra\u00dfe 12 in Offenburg.<\/em><\/strong><\/p>\n\n\n\n<p> \u201eDer Marktgerechte Mensch\u201c ist ein Film von unten. Ein Film der uns alle angeht:  \u201eWenn der Mensch zur Ware wird\u201c geht seine Menschenw\u00fcrde verloren. Noch vor 20 Jahren waren in Deutschland knapp zwei Drittel der Besch\u00e4ftigten in einem Vollzeitjob mit Sozialversicherungspflicht. 38% sind es nur noch heute.  <\/p>\n\n\n<div class=\"wp-block-image\">\n<figure class=\"alignleft is-resized\"><img loading=\"lazy\" decoding=\"async\" src=\"http:\/\/linksjugend-solid-bw.de\/ortenau\/wp-content\/uploads\/sites\/5\/2019\/12\/6B7E5BAF-8327-46EE-9AF9-37E01F212C05-1024x724.jpeg\" alt=\"\" class=\"wp-image-1719\" width=\"260\" height=\"183\" srcset=\"https:\/\/linksjugend-solid-bw.de\/ortenau\/wp-content\/uploads\/sites\/5\/2019\/12\/6B7E5BAF-8327-46EE-9AF9-37E01F212C05-1024x724.jpeg 1024w, https:\/\/linksjugend-solid-bw.de\/ortenau\/wp-content\/uploads\/sites\/5\/2019\/12\/6B7E5BAF-8327-46EE-9AF9-37E01F212C05-300x212.jpeg 300w, https:\/\/linksjugend-solid-bw.de\/ortenau\/wp-content\/uploads\/sites\/5\/2019\/12\/6B7E5BAF-8327-46EE-9AF9-37E01F212C05-768x543.jpeg 768w, https:\/\/linksjugend-solid-bw.de\/ortenau\/wp-content\/uploads\/sites\/5\/2019\/12\/6B7E5BAF-8327-46EE-9AF9-37E01F212C05.jpeg 1920w\" sizes=\"auto, (max-width: 260px) 100vw, 260px\" \/><\/figure><\/div>\n\n\n<p>Die Filmemacher  gehen an die Arbeitspl\u00e4tze der neuen Modelle des Kapitalismus wie der Gig-Economie,  wie der Arbeit auf Abruf. Sie  treffen auf Menschen in bisher sicher geglaubten Arbeitsstrukturen an Universit\u00e4ten  oder in langj\u00e4hrigen  Arbeitsverh\u00e4ltnissen mittlerer- und oberer Leitungspositionen. Und beobachten wie sich die  Versch\u00e4rfung des Wettbewerbs immer st\u00e4rker auf den Einzelnen verlagert, was Solidarisierung tragbaren sozialen Beziehungen nur sehr schwer Raum l\u00e4sst.  Depression und Burnout machen Menschen, die an dieser Last und Unsicherheit zerbrechen, das Leben zur H\u00f6lle. Selbst dann noch  glauben viele, an ihrem Schicksal schuld und ein Einzelfall zu sein.<\/p>\n\n\n\n<!--more-->\n\n\n\n<p>Doch dieser Wahnsinn ist nicht alternativlos. Der Film stellt Betriebe vor, die nach dem Prinzip des Gemeinwohls wirtschaften, Besch\u00e4ftigte von Lieferdiensten, die einen Betriebsrat gr\u00fcnden und die Kraft der Solidarit\u00e4t von jungen Menschen, die f\u00fcr einen Systemwandel eintreten. \u201eDer marktgerechte Mensch\u201c ist ein Film, der die Situation hinterfragt, Mut machen will, sich einzumischen und zusammenzuschlie\u00dfen. Denn ein anderes Leben ist m\u00f6glich.<\/p>\n\n\n\n<p>Zitat: <a rel=\"noreferrer noopener\" href=\"https:\/\/l.facebook.com\/l.php?u=http%3A%2F%2Fwww.marketable-people.org%2Findex.php%2Fde%2F&amp;h=AT0W9xY30osZbwtg7XCL9L-rC3gFlA9YBeoX9nj_H-rmSOYBMObtp2310hZ8SOLQw2TxWvqkqsHFIJx967GDN6Wv5ZKAOplDMdkCc6ZaHI1DG-9gOWZk5fq9p4n7RmemAYZYuvEi86Rk1SbMgZw7oZOSJw\" target=\"_blank\">http:\/\/www.marketable-people.org\/index.php\/de\/<\/a><\/p>\n","protected":false},"excerpt":{"rendered":"<p>Filmvorf\u00fchrung am Freitag, den 17. Januar 2020 um 19:30 Uhr in der Rammersweierstra\u00dfe 12 in Offenburg. \u201eDer Marktgerechte Mensch\u201c ist ein Film von unten. Ein Film der uns alle angeht: \u201eWenn der Mensch zur Ware<\/p>\n","protected":false},"author":9,"featured_media":0,"comment_status":"open","ping_status":"open","sticky":false,"template":"","format":"standard","meta":{"jetpack_post_was_ever_published":false,"_jetpack_newsletter_access":"","_jetpack_dont_email_post_to_subs":false,"_jetpack_newsletter_tier_id":0,"_jetpack_memberships_contains_paywalled_content":false,"_jetpack_memberships_contains_paid_content":false,"footnotes":"","jetpack_publicize_message":"","jetpack_publicize_feature_enabled":true,"jetpack_social_post_already_shared":true,"jetpack_social_options":{"image_generator_settings":{"template":"highway","default_image_id":0,"font":"","enabled":false},"version":2},"_links_to":"","_links_to_target":""},"categories":[51,7],"tags":[],"class_list":["post-1718","post","type-post","status-publish","format-standard","hentry","category-gesundheitsversorgung","category-veranstaltungen"],"jetpack_publicize_connections":[],"jetpack_featured_media_url":"","jetpack_sharing_enabled":true,"jetpack_shortlink":"https:\/\/wp.me\/p4o1NU-rI","_links":{"self":[{"href":"https:\/\/linksjugend-solid-bw.de\/ortenau\/wp-json\/wp\/v2\/posts\/1718","targetHints":{"allow":["GET"]}}],"collection":[{"href":"https:\/\/linksjugend-solid-bw.de\/ortenau\/wp-json\/wp\/v2\/posts"}],"about":[{"href":"https:\/\/linksjugend-solid-bw.de\/ortenau\/wp-json\/wp\/v2\/types\/post"}],"author":[{"embeddable":true,"href":"https:\/\/linksjugend-solid-bw.de\/ortenau\/wp-json\/wp\/v2\/users\/9"}],"replies":[{"embeddable":true,"href":"https:\/\/linksjugend-solid-bw.de\/ortenau\/wp-json\/wp\/v2\/comments?post=1718"}],"version-history":[{"count":3,"href":"https:\/\/linksjugend-solid-bw.de\/ortenau\/wp-json\/wp\/v2\/posts\/1718\/revisions"}],"predecessor-version":[{"id":2662,"href":"https:\/\/linksjugend-solid-bw.de\/ortenau\/wp-json\/wp\/v2\/posts\/1718\/revisions\/2662"}],"wp:attachment":[{"href":"https:\/\/linksjugend-solid-bw.de\/ortenau\/wp-json\/wp\/v2\/media?parent=1718"}],"wp:term":[{"taxonomy":"category","embeddable":true,"href":"https:\/\/linksjugend-solid-bw.de\/ortenau\/wp-json\/wp\/v2\/categories?post=1718"},{"taxonomy":"post_tag","embeddable":true,"href":"https:\/\/linksjugend-solid-bw.de\/ortenau\/wp-json\/wp\/v2\/tags?post=1718"}],"curies":[{"name":"wp","href":"https:\/\/api.w.org\/{rel}","templated":true}]}}