{"id":1855,"date":"2022-04-02T13:49:44","date_gmt":"2022-04-02T13:49:44","guid":{"rendered":"http:\/\/linksjugend-solid-bw.de\/ortenau\/?p=1855"},"modified":"2022-05-16T14:07:54","modified_gmt":"2022-05-16T14:07:54","slug":"frauenkampftag-2022","status":"publish","type":"post","link":"https:\/\/linksjugend-solid-bw.de\/ortenau\/2022\/04\/02\/frauenkampftag-2022\/","title":{"rendered":"Frauenkampftag 2022"},"content":{"rendered":"\n<figure class=\"wp-block-image size-large\"><a href=\"https:\/\/linksjugend-solid-bw.de\/ortenau\/wp-content\/uploads\/sites\/5\/2022\/04\/IMG_20220312_152030__01-scaled.jpg\"><img loading=\"lazy\" decoding=\"async\" width=\"1024\" height=\"498\" src=\"https:\/\/linksjugend-solid-bw.de\/ortenau\/wp-content\/uploads\/sites\/5\/2022\/04\/IMG_20220312_152030__01-1024x498.jpg\" alt=\"\" class=\"wp-image-1956\" srcset=\"https:\/\/linksjugend-solid-bw.de\/ortenau\/wp-content\/uploads\/sites\/5\/2022\/04\/IMG_20220312_152030__01-1024x498.jpg 1024w, https:\/\/linksjugend-solid-bw.de\/ortenau\/wp-content\/uploads\/sites\/5\/2022\/04\/IMG_20220312_152030__01-300x146.jpg 300w, https:\/\/linksjugend-solid-bw.de\/ortenau\/wp-content\/uploads\/sites\/5\/2022\/04\/IMG_20220312_152030__01-768x373.jpg 768w, https:\/\/linksjugend-solid-bw.de\/ortenau\/wp-content\/uploads\/sites\/5\/2022\/04\/IMG_20220312_152030__01-1536x746.jpg 1536w, https:\/\/linksjugend-solid-bw.de\/ortenau\/wp-content\/uploads\/sites\/5\/2022\/04\/IMG_20220312_152030__01-2048x995.jpg 2048w\" sizes=\"auto, (max-width: 1024px) 100vw, 1024px\" \/><\/a><\/figure>\n\n\n<p>Am Samstag, den 12. M\u00e4rz waren wir mit \u00fcber 270 Menschen f\u00fcr mehr Gleichberechtigung und gegen das Patriarchat auf der Stra\u00dfe. Immer wieder erleben wir Sexismus. Es wird Zeit, dass sich das \u00e4ndert. Danke an alle, die da waren. &#x2764;&#xfe0f;<\/p>","protected":false},"excerpt":{"rendered":"<p>Am Samstag, den 12. M\u00e4rz waren wir mit \u00fcber 270 Menschen f\u00fcr mehr Gleichberechtigung und gegen das Patriarchat auf der Stra\u00dfe. Immer wieder erleben wir Sexismus. Es wird Zeit, dass sich das \u00e4ndert. Danke an<\/p>\n","protected":false},"author":102,"featured_media":0,"comment_status":"open","ping_status":"open","sticky":false,"template":"","format":"standard","meta":{"jetpack_post_was_ever_published":false,"_jetpack_newsletter_access":"","_jetpack_dont_email_post_to_subs":false,"_jetpack_newsletter_tier_id":0,"_jetpack_memberships_contains_paywalled_content":false,"_jetpack_memberships_contains_paid_content":false,"footnotes":"","jetpack_publicize_message":"","jetpack_publicize_feature_enabled":true,"jetpack_social_post_already_shared":true,"jetpack_social_options":{"image_generator_settings":{"template":"highway","default_image_id":0,"font":"","enabled":false},"version":2},"_links_to":"","_links_to_target":""},"categories":[67,7],"tags":[77,26,27],"class_list":["post-1855","post","type-post","status-publish","format-standard","hentry","category-feminismus","category-veranstaltungen","tag-feminismus","tag-offenburg","tag-ortenau"],"jetpack_publicize_connections":[],"jetpack_featured_media_url":"","jetpack_sharing_enabled":true,"jetpack_shortlink":"https:\/\/wp.me\/p4o1NU-tV","_links":{"self":[{"href":"https:\/\/linksjugend-solid-bw.de\/ortenau\/wp-json\/wp\/v2\/posts\/1855","targetHints":{"allow":["GET"]}}],"collection":[{"href":"https:\/\/linksjugend-solid-bw.de\/ortenau\/wp-json\/wp\/v2\/posts"}],"about":[{"href":"https:\/\/linksjugend-solid-bw.de\/ortenau\/wp-json\/wp\/v2\/types\/post"}],"author":[{"embeddable":true,"href":"https:\/\/linksjugend-solid-bw.de\/ortenau\/wp-json\/wp\/v2\/users\/102"}],"replies":[{"embeddable":true,"href":"https:\/\/linksjugend-solid-bw.de\/ortenau\/wp-json\/wp\/v2\/comments?post=1855"}],"version-history":[{"count":3,"href":"https:\/\/linksjugend-solid-bw.de\/ortenau\/wp-json\/wp\/v2\/posts\/1855\/revisions"}],"predecessor-version":[{"id":2475,"href":"https:\/\/linksjugend-solid-bw.de\/ortenau\/wp-json\/wp\/v2\/posts\/1855\/revisions\/2475"}],"wp:attachment":[{"href":"https:\/\/linksjugend-solid-bw.de\/ortenau\/wp-json\/wp\/v2\/media?parent=1855"}],"wp:term":[{"taxonomy":"category","embeddable":true,"href":"https:\/\/linksjugend-solid-bw.de\/ortenau\/wp-json\/wp\/v2\/categories?post=1855"},{"taxonomy":"post_tag","embeddable":true,"href":"https:\/\/linksjugend-solid-bw.de\/ortenau\/wp-json\/wp\/v2\/tags?post=1855"}],"curies":[{"name":"wp","href":"https:\/\/api.w.org\/{rel}","templated":true}]}}