{"id":1990,"date":"2022-05-03T13:53:13","date_gmt":"2022-05-03T13:53:13","guid":{"rendered":"https:\/\/linksjugend-solid-bw.de\/ortenau\/?p=1990"},"modified":"2022-05-16T13:17:23","modified_gmt":"2022-05-16T13:17:23","slug":"1-mai-in-offenburg","status":"publish","type":"post","link":"https:\/\/linksjugend-solid-bw.de\/ortenau\/2022\/05\/03\/1-mai-in-offenburg\/","title":{"rendered":"1. Mai in Offenburg"},"content":{"rendered":"<p><strong>Etwa 120 Menschen versammelten sich zur 1. Mai Demonstration eines B\u00fcndnisses aus Linke Liste Ortenau, Linksjugend, DKP, Verdi, IG-Bau, Fridays for future, DFG-VK und VVN in Offenburg.<br \/><\/strong><\/p>\n\n<p><strong><img loading=\"lazy\" decoding=\"async\" class=\"alignleft\" src=\"https:\/\/linksjugend-solid-bw.de\/ortenau\/wp-content\/uploads\/sites\/5\/2022\/05\/signal-2022-05-02-174258_001-1024x683.jpeg\" alt=\"https:\/\/linksjugend-solid-bw.de\/ortenau\/wp-content\/uploads\/sites\/5\/2022\/05\/signal-2022-05-02-174258_001-1024x683.jpeg\" width=\"422\" height=\"281\" \/>Vom Busbahnhof zogen die Teilnehmer lautstark durch die Innenstadt, unter dem Motto: Wir zahlen nicht f\u00fcr ihre Krisen.<\/strong><\/p>\n\n\n<p>Ziel war der B\u00fcrgerpark, wo man anschlie\u00dfend in mehreren Redebeitr\u00e4gen auf lokale K\u00e4mpfe einging und mit diversen Kulturbeitr\u00e4gen den Tag gemeinsam ausklingen lie\u00df.<\/p>\n\n\n\n<p>Eine bessere Gesundheitsversorgung, der Kampf gegen den Klimawandel, Stopp der Aufr\u00fcstung, Inflation und der aktuelle Tarifkampf im Erziehungsdienst: F\u00fcr die Demonstranten der alternativen 1. Mai Demonstration in Offenburg waren dies die Hauptthemen, welche sich auch in den Reden manifestierten.<\/p>\n\n\n\n<p>So sprach LiLO Sprecher Yannik Hinzmann in seiner Er\u00f6ffnungsrede davon, dass die Zust\u00e4nde der Ortenauer Gesundheitsversorgung katastrophal seien. Operationstermine w\u00fcrden 5 min vor Beginn abgesagt werden und Patienten h\u00e4tten auch nach 2 Monaten keine Nachfolgetermine erhalten. Er warnte vor dem kommenden Rechtsformwechsel, da somit nicht nur der Tarifvertrag des \u00f6ffentlichen Dienstes in Frage gestellt werden w\u00fcrde, sondern die Transparenz der Klinikschlie\u00dfungen weiter verschlechtert werden w\u00fcrde.<\/p>\n\n\n\n<!--more-->\n\n\n\n<p>Die Vertreterin von Fridays for future, Sarah Wiedmann, warnte davor, dass der Klimawandel auch hier in der Ortenau schon sp\u00fcrbar sei. Sinkendes Grundwasser, ausgetrocknete B\u00e4che und Hitzeperioden, die sich auch auf die Landwirtschaft auswirken, seien ein Problem, dass immer sichtbarer werde. Sie fordert als ersten Schritt die Planung des Halbstundentakts im \u00f6ffentlichen Nahverkehr in jedes Dorf und jede Stadt der Ortenau. Dies bedeute auch daran zu denken, dass es bis zur Vergabe der n\u00e4chsten Konzessionen auch gen\u00fcgend Bus- und Zugfahrer geben m\u00fcsse.<\/p>\n\n\n\n<p>Beim Thema Frieden waren sich die Demonstranten ebenfalls alle einig, als Ernst Rattinger von der DFG-VK forderte, dass die 100 Mrd. \u20ac f\u00fcr Kriegsger\u00e4t besser in Bildung, Sozialem und Gesundheit investiert w\u00e4ren. Schwere Waffenlieferungen seien ebenfalls unter allen Umst\u00e4nden abzulehnen. Er forderte die russischen und ukrainischen Soldaten auf, zu desertieren und pl\u00e4dierte wie die Rednerin zuvor f\u00fcr die Energiewende, um sich von autokratischen Staaten unabh\u00e4ngig zu machen.<\/p>\n\n\n\n<p>Nat\u00fcrlich durfte aber auch beim 1. Mai das klassische Thema Arbeitskampf nicht fehlen. So informierte die Verdi Personalr\u00e4tin Christa Streich die Versammlung \u00fcber den aktuellen Tarifkampf im Erziehungsdienst. Sie stellte die Frage, warum gerade Berufe, in denen Frauen stark \u00fcberrepr\u00e4sentiert seien, auch immer so schlecht bezahlt werden. Hier forderte sie einen n\u00f6tigen gesellschaftlichen Wandel und forderte alle Teilnehmer dazu auf, sich solidarisch mit den Streikenden zu zeigen.<\/p>\n\n\n\n<p>Zwischen den Redebeitr\u00e4gen wurden immer wieder gemeinsam traditionelle Arbeiterlieder gesungen und Gedichte verlesen. Der Tag klang dann entspannt mit guter Musik, leckerem vegetarischem und veganem Essen und vielen Diskussionen aus. Als Konkurrenzveranstaltung zur 1. Mai Veranstaltung wollten sich die Veranstalter aber nicht verstanden wissen. Viel mehr als Erg\u00e4nzung, da nach ihrer Meinung eine blo\u00dfe Fahrraddemo mit kleiner Kundgebung f\u00fcr den 1. Mai nicht ausreichend sei.<\/p>\n\n\n\n<div class=\"wp-block-jetpack-tiled-gallery aligncenter is-style-rectangular\"><div class=\"tiled-gallery__gallery\"><div class=\"tiled-gallery__row\"><div class=\"tiled-gallery__col\" style=\"flex-basis:65.51345%\"><figure class=\"tiled-gallery__item\"><img decoding=\"async\" srcset=\"https:\/\/i0.wp.com\/linksjugend-solid-bw.de\/ortenau\/wp-content\/uploads\/sites\/5\/2022\/05\/signal-2022-05-02-174258_005-1-1024x768.jpeg?strip=info&#038;w=600&#038;ssl=1 600w,https:\/\/i0.wp.com\/linksjugend-solid-bw.de\/ortenau\/wp-content\/uploads\/sites\/5\/2022\/05\/signal-2022-05-02-174258_005-1-1024x768.jpeg?strip=info&#038;w=900&#038;ssl=1 900w,https:\/\/i0.wp.com\/linksjugend-solid-bw.de\/ortenau\/wp-content\/uploads\/sites\/5\/2022\/05\/signal-2022-05-02-174258_005-1-1024x768.jpeg?strip=info&#038;w=1200&#038;ssl=1 1200w,https:\/\/i0.wp.com\/linksjugend-solid-bw.de\/ortenau\/wp-content\/uploads\/sites\/5\/2022\/05\/signal-2022-05-02-174258_005-1-1024x768.jpeg?strip=info&#038;w=1440&#038;ssl=1 1440w\" alt=\"\" data-height=\"1080\" data-id=\"1996\" data-link=\"https:\/\/linksjugend-solid-bw.de\/ortenau\/?attachment_id=1996\" data-url=\"https:\/\/linksjugend-solid-bw.de\/ortenau\/wp-content\/uploads\/sites\/5\/2022\/05\/signal-2022-05-02-174258_005-1-1024x768.jpeg\" data-width=\"1440\" src=\"https:\/\/i0.wp.com\/linksjugend-solid-bw.de\/ortenau\/wp-content\/uploads\/sites\/5\/2022\/05\/signal-2022-05-02-174258_005-1-1024x768.jpeg?ssl=1\" data-amp-layout=\"responsive\" \/><\/figure><\/div><div class=\"tiled-gallery__col\" style=\"flex-basis:34.48655%\"><figure class=\"tiled-gallery__item\"><img decoding=\"async\" srcset=\"https:\/\/i1.wp.com\/linksjugend-solid-bw.de\/ortenau\/wp-content\/uploads\/sites\/5\/2022\/05\/signal-2022-05-02-174258_010-1-1024x768.jpeg?strip=info&#038;w=600&#038;ssl=1 600w,https:\/\/i1.wp.com\/linksjugend-solid-bw.de\/ortenau\/wp-content\/uploads\/sites\/5\/2022\/05\/signal-2022-05-02-174258_010-1-1024x768.jpeg?strip=info&#038;w=900&#038;ssl=1 900w,https:\/\/i1.wp.com\/linksjugend-solid-bw.de\/ortenau\/wp-content\/uploads\/sites\/5\/2022\/05\/signal-2022-05-02-174258_010-1-1024x768.jpeg?strip=info&#038;w=1200&#038;ssl=1 1200w,https:\/\/i1.wp.com\/linksjugend-solid-bw.de\/ortenau\/wp-content\/uploads\/sites\/5\/2022\/05\/signal-2022-05-02-174258_010-1-1024x768.jpeg?strip=info&#038;w=1440&#038;ssl=1 1440w\" alt=\"\" data-height=\"1080\" data-id=\"1997\" data-link=\"https:\/\/linksjugend-solid-bw.de\/ortenau\/?attachment_id=1997\" data-url=\"https:\/\/linksjugend-solid-bw.de\/ortenau\/wp-content\/uploads\/sites\/5\/2022\/05\/signal-2022-05-02-174258_010-1-1024x768.jpeg\" data-width=\"1440\" src=\"https:\/\/i1.wp.com\/linksjugend-solid-bw.de\/ortenau\/wp-content\/uploads\/sites\/5\/2022\/05\/signal-2022-05-02-174258_010-1-1024x768.jpeg?ssl=1\" data-amp-layout=\"responsive\" \/><\/figure><figure class=\"tiled-gallery__item\"><img decoding=\"async\" srcset=\"https:\/\/i2.wp.com\/linksjugend-solid-bw.de\/ortenau\/wp-content\/uploads\/sites\/5\/2022\/05\/signal-2022-05-02-174258_003-2-1024x683.jpeg?strip=info&#038;w=600&#038;ssl=1 600w,https:\/\/i2.wp.com\/linksjugend-solid-bw.de\/ortenau\/wp-content\/uploads\/sites\/5\/2022\/05\/signal-2022-05-02-174258_003-2-1024x683.jpeg?strip=info&#038;w=900&#038;ssl=1 900w,https:\/\/i2.wp.com\/linksjugend-solid-bw.de\/ortenau\/wp-content\/uploads\/sites\/5\/2022\/05\/signal-2022-05-02-174258_003-2-1024x683.jpeg?strip=info&#038;w=1200&#038;ssl=1 1200w,https:\/\/i2.wp.com\/linksjugend-solid-bw.de\/ortenau\/wp-content\/uploads\/sites\/5\/2022\/05\/signal-2022-05-02-174258_003-2-1024x683.jpeg?strip=info&#038;w=1440&#038;ssl=1 1440w\" alt=\"\" data-height=\"960\" data-id=\"1998\" data-link=\"https:\/\/linksjugend-solid-bw.de\/ortenau\/?attachment_id=1998\" data-url=\"https:\/\/linksjugend-solid-bw.de\/ortenau\/wp-content\/uploads\/sites\/5\/2022\/05\/signal-2022-05-02-174258_003-2-1024x683.jpeg\" data-width=\"1440\" src=\"https:\/\/i2.wp.com\/linksjugend-solid-bw.de\/ortenau\/wp-content\/uploads\/sites\/5\/2022\/05\/signal-2022-05-02-174258_003-2-1024x683.jpeg?ssl=1\" data-amp-layout=\"responsive\" \/><\/figure><\/div><\/div><\/div><\/div>\n","protected":false},"excerpt":{"rendered":"<p>Etwa 120 Menschen versammelten sich zur 1. Mai Demonstration eines B\u00fcndnisses aus Linke Liste Ortenau, Linksjugend, DKP, Verdi, IG-Bau, Fridays for future, DFG-VK und VVN in Offenburg. Vom Busbahnhof zogen die Teilnehmer lautstark durch die<\/p>\n","protected":false},"author":102,"featured_media":0,"comment_status":"open","ping_status":"open","sticky":false,"template":"","format":"standard","meta":{"jetpack_post_was_ever_published":false,"_jetpack_newsletter_access":"","_jetpack_dont_email_post_to_subs":false,"_jetpack_newsletter_tier_id":0,"_jetpack_memberships_contains_paywalled_content":false,"_jetpack_memberships_contains_paid_content":false,"footnotes":"","jetpack_publicize_message":"","jetpack_publicize_feature_enabled":true,"jetpack_social_post_already_shared":true,"jetpack_social_options":{"image_generator_settings":{"template":"highway","default_image_id":0,"font":"","enabled":false},"version":2},"_links_to":"","_links_to_target":""},"categories":[35,39,89,51,80],"tags":[74,52,81,26,27],"class_list":["post-1990","post","type-post","status-publish","format-standard","hentry","category-1-mai","category-arbeiterbewegung","category-frieden","category-gesundheitsversorgung","category-klimaschutz","tag-frieden","tag-gesundheitsversorgung","tag-klimaschutz","tag-offenburg","tag-ortenau"],"jetpack_publicize_connections":[],"jetpack_featured_media_url":"","jetpack_sharing_enabled":true,"jetpack_shortlink":"https:\/\/wp.me\/p4o1NU-w6","_links":{"self":[{"href":"https:\/\/linksjugend-solid-bw.de\/ortenau\/wp-json\/wp\/v2\/posts\/1990","targetHints":{"allow":["GET"]}}],"collection":[{"href":"https:\/\/linksjugend-solid-bw.de\/ortenau\/wp-json\/wp\/v2\/posts"}],"about":[{"href":"https:\/\/linksjugend-solid-bw.de\/ortenau\/wp-json\/wp\/v2\/types\/post"}],"author":[{"embeddable":true,"href":"https:\/\/linksjugend-solid-bw.de\/ortenau\/wp-json\/wp\/v2\/users\/102"}],"replies":[{"embeddable":true,"href":"https:\/\/linksjugend-solid-bw.de\/ortenau\/wp-json\/wp\/v2\/comments?post=1990"}],"version-history":[{"count":3,"href":"https:\/\/linksjugend-solid-bw.de\/ortenau\/wp-json\/wp\/v2\/posts\/1990\/revisions"}],"predecessor-version":[{"id":2438,"href":"https:\/\/linksjugend-solid-bw.de\/ortenau\/wp-json\/wp\/v2\/posts\/1990\/revisions\/2438"}],"wp:attachment":[{"href":"https:\/\/linksjugend-solid-bw.de\/ortenau\/wp-json\/wp\/v2\/media?parent=1990"}],"wp:term":[{"taxonomy":"category","embeddable":true,"href":"https:\/\/linksjugend-solid-bw.de\/ortenau\/wp-json\/wp\/v2\/categories?post=1990"},{"taxonomy":"post_tag","embeddable":true,"href":"https:\/\/linksjugend-solid-bw.de\/ortenau\/wp-json\/wp\/v2\/tags?post=1990"}],"curies":[{"name":"wp","href":"https:\/\/api.w.org\/{rel}","templated":true}]}}