{"id":2630,"date":"2022-05-31T22:04:07","date_gmt":"2022-05-31T22:04:07","guid":{"rendered":"https:\/\/linksjugend-solid-bw.de\/ortenau\/?p=2630"},"modified":"2022-06-20T20:44:40","modified_gmt":"2022-06-20T20:44:40","slug":"haslacher-strassenfest","status":"publish","type":"post","link":"https:\/\/linksjugend-solid-bw.de\/ortenau\/2022\/05\/31\/haslacher-strassenfest\/","title":{"rendered":"Haslacher Stra\u00dfenfest des Ortenauer Klimab\u00fcndnisses"},"content":{"rendered":"<p data-wp-editing=\"1\"><a href=\"http:\/\/linksjugend-solid-bw.de\/ortenau\/wp-content\/uploads\/sites\/5\/2022\/05\/signal-2022-05-29-19-09-58-826-2.jpg\"><img loading=\"lazy\" decoding=\"async\" class=\"alignleft wp-image-2631\" src=\"http:\/\/linksjugend-solid-bw.de\/ortenau\/wp-content\/uploads\/sites\/5\/2022\/05\/signal-2022-05-29-19-09-58-826-2-300x225.jpg\" alt=\"\" width=\"360\" height=\"270\" srcset=\"https:\/\/linksjugend-solid-bw.de\/ortenau\/wp-content\/uploads\/sites\/5\/2022\/05\/signal-2022-05-29-19-09-58-826-2-300x225.jpg 300w, https:\/\/linksjugend-solid-bw.de\/ortenau\/wp-content\/uploads\/sites\/5\/2022\/05\/signal-2022-05-29-19-09-58-826-2-1024x768.jpg 1024w, https:\/\/linksjugend-solid-bw.de\/ortenau\/wp-content\/uploads\/sites\/5\/2022\/05\/signal-2022-05-29-19-09-58-826-2-768x576.jpg 768w, https:\/\/linksjugend-solid-bw.de\/ortenau\/wp-content\/uploads\/sites\/5\/2022\/05\/signal-2022-05-29-19-09-58-826-2-1536x1152.jpg 1536w, https:\/\/linksjugend-solid-bw.de\/ortenau\/wp-content\/uploads\/sites\/5\/2022\/05\/signal-2022-05-29-19-09-58-826-2.jpg 2048w\" sizes=\"auto, (max-width: 360px) 100vw, 360px\" \/><\/a>Vorgestern war ein erfolgreicher Tag f\u00fcr die Klimabewegung der Ortenau. Tolle Gespr\u00e4che, klasse Wetter und super Essen gab es bei dem Stra\u00dfenfest in Haslach, das sch\u00e4tzungensweise 300 Menschen zeitweise besuchten. Wir danken allen, die vorbei geschaut und an unserem Programm teilgenommen haben. Ein gro\u00dfer Dank gilt auch den vielen Organisationen, die das Stra\u00dfenfest mitgestaltet und dieses \u00fcberhaupt erst erm\u00f6glicht haben. Besonders freuen wir uns \u00fcber die zahlreichen guten Gespr\u00e4che, die gef\u00fchrt wurden &#8211; Dar\u00fcber weshalb eine Verkehrswende so wichtig ist, dar\u00fcber was das konkret f\u00fcr die Ortenau bedeutet und dar\u00fcber wie sie sich hier vor Ort am besten umsetzen l\u00e4sst.<\/p>\n\n\n<!--more-->\n\n\n<p>Insgesamt wurde deutlich, dass einen Mobilit\u00e4tswende in der Ortenau nicht nur theoretisch m\u00f6glich, sondern von der Ortenauer Bev\u00f6lkerung auch dringend erw\u00fcnscht ist. Die Menschen wollen die Entlastung von Autos. Daf\u00fcr braucht es keine weiteren Umfahrungen, sondern einen gut ausgebauten Nahverkehr und eine sichere Radinfrastruktur. Wenn den Kreisr\u00e4t*innen etwas an dem Willen der Bev\u00f6lkerung liegt, w\u00fcrde einer Verkehrswende also nichts mehr im Wege stehen. Trotzdem ist die Verkehrswende noch nicht umgesetzt, deswegen lasst uns gemeinsam weiter f\u00fcr diese Zukunft k\u00e4mpfen!<\/p>\n<p><a href=\"http:\/\/linksjugend-solid-bw.de\/ortenau\/wp-content\/uploads\/sites\/5\/2022\/05\/AddText_05-30-07.36.17.jpg\"><img loading=\"lazy\" decoding=\"async\" class=\"wp-image-2632 aligncenter\" src=\"http:\/\/linksjugend-solid-bw.de\/ortenau\/wp-content\/uploads\/sites\/5\/2022\/05\/AddText_05-30-07.36.17-300x225.jpg\" alt=\"\" width=\"360\" height=\"270\" srcset=\"https:\/\/linksjugend-solid-bw.de\/ortenau\/wp-content\/uploads\/sites\/5\/2022\/05\/AddText_05-30-07.36.17-300x225.jpg 300w, https:\/\/linksjugend-solid-bw.de\/ortenau\/wp-content\/uploads\/sites\/5\/2022\/05\/AddText_05-30-07.36.17-1024x768.jpg 1024w, https:\/\/linksjugend-solid-bw.de\/ortenau\/wp-content\/uploads\/sites\/5\/2022\/05\/AddText_05-30-07.36.17-768x576.jpg 768w, https:\/\/linksjugend-solid-bw.de\/ortenau\/wp-content\/uploads\/sites\/5\/2022\/05\/AddText_05-30-07.36.17-1536x1151.jpg 1536w, https:\/\/linksjugend-solid-bw.de\/ortenau\/wp-content\/uploads\/sites\/5\/2022\/05\/AddText_05-30-07.36.17.jpg 1733w\" sizes=\"auto, (max-width: 360px) 100vw, 360px\" \/><\/a><\/p>\n<p><a href=\"http:\/\/linksjugend-solid-bw.de\/ortenau\/wp-content\/uploads\/sites\/5\/2022\/05\/AddText_05-30-07.52.03.jpg\"><img loading=\"lazy\" decoding=\"async\" class=\"wp-image-2634 aligncenter\" src=\"http:\/\/linksjugend-solid-bw.de\/ortenau\/wp-content\/uploads\/sites\/5\/2022\/05\/AddText_05-30-07.52.03-300x225.jpg\" alt=\"\" width=\"360\" height=\"270\" srcset=\"https:\/\/linksjugend-solid-bw.de\/ortenau\/wp-content\/uploads\/sites\/5\/2022\/05\/AddText_05-30-07.52.03-300x225.jpg 300w, https:\/\/linksjugend-solid-bw.de\/ortenau\/wp-content\/uploads\/sites\/5\/2022\/05\/AddText_05-30-07.52.03-1024x767.jpg 1024w, https:\/\/linksjugend-solid-bw.de\/ortenau\/wp-content\/uploads\/sites\/5\/2022\/05\/AddText_05-30-07.52.03-768x575.jpg 768w, https:\/\/linksjugend-solid-bw.de\/ortenau\/wp-content\/uploads\/sites\/5\/2022\/05\/AddText_05-30-07.52.03.jpg 1440w\" sizes=\"auto, (max-width: 360px) 100vw, 360px\" \/><\/a><\/p>\n<p><a href=\"http:\/\/linksjugend-solid-bw.de\/ortenau\/wp-content\/uploads\/sites\/5\/2022\/05\/AddText_05-30-07.35.45.jpg\"><img loading=\"lazy\" decoding=\"async\" class=\"wp-image-2633 aligncenter\" src=\"http:\/\/linksjugend-solid-bw.de\/ortenau\/wp-content\/uploads\/sites\/5\/2022\/05\/AddText_05-30-07.35.45-300x220.jpg\" alt=\"\" width=\"360\" height=\"264\" srcset=\"https:\/\/linksjugend-solid-bw.de\/ortenau\/wp-content\/uploads\/sites\/5\/2022\/05\/AddText_05-30-07.35.45-300x220.jpg 300w, https:\/\/linksjugend-solid-bw.de\/ortenau\/wp-content\/uploads\/sites\/5\/2022\/05\/AddText_05-30-07.35.45-1024x752.jpg 1024w, https:\/\/linksjugend-solid-bw.de\/ortenau\/wp-content\/uploads\/sites\/5\/2022\/05\/AddText_05-30-07.35.45-768x564.jpg 768w, https:\/\/linksjugend-solid-bw.de\/ortenau\/wp-content\/uploads\/sites\/5\/2022\/05\/AddText_05-30-07.35.45-1536x1128.jpg 1536w, https:\/\/linksjugend-solid-bw.de\/ortenau\/wp-content\/uploads\/sites\/5\/2022\/05\/AddText_05-30-07.35.45.jpg 1611w\" sizes=\"auto, (max-width: 360px) 100vw, 360px\" \/><\/a><\/p>\n<p><a href=\"http:\/\/linksjugend-solid-bw.de\/ortenau\/wp-content\/uploads\/sites\/5\/2022\/05\/IMG_20220530_193358_312.jpg\"> <img loading=\"lazy\" decoding=\"async\" class=\"wp-image-2635 aligncenter\" src=\"http:\/\/linksjugend-solid-bw.de\/ortenau\/wp-content\/uploads\/sites\/5\/2022\/05\/IMG_20220530_193358_312-300x225.jpg\" alt=\"\" width=\"360\" height=\"270\" srcset=\"https:\/\/linksjugend-solid-bw.de\/ortenau\/wp-content\/uploads\/sites\/5\/2022\/05\/IMG_20220530_193358_312-300x225.jpg 300w, https:\/\/linksjugend-solid-bw.de\/ortenau\/wp-content\/uploads\/sites\/5\/2022\/05\/IMG_20220530_193358_312-1024x768.jpg 1024w, https:\/\/linksjugend-solid-bw.de\/ortenau\/wp-content\/uploads\/sites\/5\/2022\/05\/IMG_20220530_193358_312-768x576.jpg 768w, https:\/\/linksjugend-solid-bw.de\/ortenau\/wp-content\/uploads\/sites\/5\/2022\/05\/IMG_20220530_193358_312.jpg 1198w\" sizes=\"auto, (max-width: 360px) 100vw, 360px\" \/><\/a><\/p>","protected":false},"excerpt":{"rendered":"<p>Vorgestern war ein erfolgreicher Tag f\u00fcr die Klimabewegung der Ortenau. Tolle Gespr\u00e4che, klasse Wetter und super Essen gab es bei dem Stra\u00dfenfest in Haslach, das sch\u00e4tzungensweise 300 Menschen zeitweise besuchten. Wir danken allen, die vorbei<\/p>\n","protected":false},"author":102,"featured_media":0,"comment_status":"open","ping_status":"open","sticky":false,"template":"","format":"standard","meta":{"jetpack_post_was_ever_published":false,"_jetpack_newsletter_access":"","_jetpack_dont_email_post_to_subs":false,"_jetpack_newsletter_tier_id":0,"_jetpack_memberships_contains_paywalled_content":false,"_jetpack_memberships_contains_paid_content":false,"footnotes":"","jetpack_publicize_message":"","jetpack_publicize_feature_enabled":true,"jetpack_social_post_already_shared":true,"jetpack_social_options":{"image_generator_settings":{"template":"highway","default_image_id":0,"font":"","enabled":false},"version":2},"_links_to":"","_links_to_target":""},"categories":[80,54,7,86],"tags":[81,55,26,27],"class_list":["post-2630","post","type-post","status-publish","format-standard","hentry","category-klimaschutz","category-nahverkehr","category-veranstaltungen","category-verkehrswende","tag-klimaschutz","tag-nahverkehr","tag-offenburg","tag-ortenau"],"jetpack_publicize_connections":[],"jetpack_featured_media_url":"","jetpack_sharing_enabled":true,"jetpack_shortlink":"https:\/\/wp.me\/p4o1NU-Gq","_links":{"self":[{"href":"https:\/\/linksjugend-solid-bw.de\/ortenau\/wp-json\/wp\/v2\/posts\/2630","targetHints":{"allow":["GET"]}}],"collection":[{"href":"https:\/\/linksjugend-solid-bw.de\/ortenau\/wp-json\/wp\/v2\/posts"}],"about":[{"href":"https:\/\/linksjugend-solid-bw.de\/ortenau\/wp-json\/wp\/v2\/types\/post"}],"author":[{"embeddable":true,"href":"https:\/\/linksjugend-solid-bw.de\/ortenau\/wp-json\/wp\/v2\/users\/102"}],"replies":[{"embeddable":true,"href":"https:\/\/linksjugend-solid-bw.de\/ortenau\/wp-json\/wp\/v2\/comments?post=2630"}],"version-history":[{"count":8,"href":"https:\/\/linksjugend-solid-bw.de\/ortenau\/wp-json\/wp\/v2\/posts\/2630\/revisions"}],"predecessor-version":[{"id":2725,"href":"https:\/\/linksjugend-solid-bw.de\/ortenau\/wp-json\/wp\/v2\/posts\/2630\/revisions\/2725"}],"wp:attachment":[{"href":"https:\/\/linksjugend-solid-bw.de\/ortenau\/wp-json\/wp\/v2\/media?parent=2630"}],"wp:term":[{"taxonomy":"category","embeddable":true,"href":"https:\/\/linksjugend-solid-bw.de\/ortenau\/wp-json\/wp\/v2\/categories?post=2630"},{"taxonomy":"post_tag","embeddable":true,"href":"https:\/\/linksjugend-solid-bw.de\/ortenau\/wp-json\/wp\/v2\/tags?post=2630"}],"curies":[{"name":"wp","href":"https:\/\/api.w.org\/{rel}","templated":true}]}}