{"id":2739,"date":"2022-08-01T16:25:45","date_gmt":"2022-08-01T16:25:45","guid":{"rendered":"https:\/\/linksjugend-solid-bw.de\/ortenau\/?p=2739"},"modified":"2022-08-02T05:13:39","modified_gmt":"2022-08-02T05:13:39","slug":"unser-statement-zu-den-vorwuerfen-der-cdu-offenburg","status":"publish","type":"post","link":"https:\/\/linksjugend-solid-bw.de\/ortenau\/2022\/08\/01\/unser-statement-zu-den-vorwuerfen-der-cdu-offenburg\/","title":{"rendered":"Unser Statement zu den Vorw\u00fcrfen der CDU Offenburg"},"content":{"rendered":"<p><span style=\"font-size: 1rem\">Am 26. Juli wurde im Offenburger Tageblatt ein Artikel ver\u00f6ffentlicht, i<\/span><span style=\"font-size: 1rem\">n welchem der CDU-Fraktionchef im Gemeinderat Werner Maier unsere Jugendarbeit als &#8222;Indoktrination&#8220; bezeichnet und fordert, die Programmpunkte unserer Gruppe aus dem Sommerprogramm der Stadt zu entfernen. (<a href=\"https:\/\/m.bo.de\/lokales\/offenburg\/indoktrination-durch-linkspartei-im-ferienangebot-der-stadt-offenburg\">Der Artikel<\/a>: Offenburg CDU-Chef Werner Maier entr\u00fcstet Indoktrination durch Linkspartei im <\/span>Ferienprogramm<span style=\"font-size: 1rem\">\u00a0der Stadt Offenburg? Nachrichten der Ortenau &#8211; Offenburger Tageblatt) Unsere Pressemitteilung dazu findet ihr\u00a0<a href=\"https:\/\/m.bo.de\/lokales\/offenburg\/stadt-offenburg-loscht-ferienprogramm-linksjugend-ist-emport\">hier<\/a><\/span><span style=\"font-size: 1rem\">.<\/span><\/p>\n<p><span style=\"font-size: 1rem\">Dieser Forderung ist die Offenburger Stadtverwaltung auch umgehend nachgekommen und hat unsere Ferienangebote aus dem Programm gel\u00f6scht. Im folgenden beziehen wir zu den Vorw\u00fcrfen der CDU Offenburg Stellung.<\/span><\/p>\n<p><span style=\"font-size: 1rem\">Die Linksjugend ist ein Verein, der das Recht hat Veranstaltungen zu bewerben. Wir sind nicht Teil der Linkspartei und nicht abh\u00e4ngig von dieser.<\/span><span style=\"font-size: 1rem\"><br \/>\n<\/span><\/p>\n<p>Mit unseren Programmpunkten wollen wir jungen Menschen die M\u00f6glichkeit geben sich in entspannter Atmosph\u00e4re \u00fcber wichtige aktuelle Themen auszutauschen und dar\u00fcber in die Diskussion zu kommen.<\/p>\n<p><!--more-->Dass diese M\u00f6glichkeiten zur politischen Meinungsbildung f\u00fcr Herrn Maier von der CDU \u201eIndoktrination\u201c sind, sagt einiges \u00fcber sein Demokratieverst\u00e4ndnis aus. Au\u00dferdem muss man sich schon fragen, wer hier die Jugend indoktrinieren und beeinflussen will, wenn man bedenkt, dass die CDU den politischen Diskurs in Offenburg verbieten l\u00e4sst, weil ihnen die Veranstalter nicht passen.<\/p>\n<p>Allerdings verwundert es uns auch nicht, dass so unverh\u00e4ltnism\u00e4\u00dfige und traurige Aussagen von Vertretern der CDU kommen. Der Partei, die die Interessen der Jugend schon immer ignoriert hat.<\/p>\n<p>Das Programm der Linksjugend ist eine gute M\u00f6glichkeit und ein niederschwelliges Angebot f\u00fcr Jugendliche politisch aktiv zu werden und sich zu vernetzten. Daher schockiert es uns zutiefst, dass die Offenburger Stadtverwaltung sofort springt, wenn die CDU fordert und unsere Programmpunkte schon entfernen lie\u00df. Hier wird von der CDU und der Offenburger Stadtverwaltung massiv politische Jugendarbeit behindert, anstatt diese breit gef\u00e4chert zu unterst\u00fctzen und damit unsere Demokratie zu st\u00e4rken.<\/p>\n<p>Als Konsequenz bitten wir alle Offenburger B\u00fcrgerinnen und B\u00fcrger, die, anders als Herr Maier, der Meinung sind Jugendliche sollten vielseitige M\u00f6glichkeiten erhalten sich an Politik zu beteiligen und ihre Interessen zu vertreten an unserer Jugenddemo am 13. August teilzunehmen. \u00a0Die Demonstration, bei der es allgemein um die Forderung geht die Stimme der Jugend nicht l\u00e4nger zu ignorieren startet um 14 Uhr am Busbahnhof Offenburg. Die unversch\u00e4mten Forderungen der CDU und das Vorgehen der Stadtverwaltung Offenburg zeigen erneut wie wichtig es ist daf\u00fcr einzustehen. Alle Altersgruppen sind willkommen.<\/p>\n","protected":false},"excerpt":{"rendered":"<p>Am 26. Juli wurde im Offenburger Tageblatt ein Artikel ver\u00f6ffentlicht, in welchem der CDU-Fraktionchef im Gemeinderat Werner Maier unsere Jugendarbeit als &#8222;Indoktrination&#8220; bezeichnet und fordert, die Programmpunkte unserer Gruppe aus dem Sommerprogramm der Stadt zu<\/p>\n","protected":false},"author":102,"featured_media":0,"comment_status":"open","ping_status":"open","sticky":false,"template":"","format":"standard","meta":{"jetpack_post_was_ever_published":false,"_jetpack_newsletter_access":"","_jetpack_dont_email_post_to_subs":false,"_jetpack_newsletter_tier_id":0,"_jetpack_memberships_contains_paywalled_content":false,"_jetpack_memberships_contains_paid_content":false,"footnotes":"","jetpack_publicize_message":"","jetpack_publicize_feature_enabled":true,"jetpack_social_post_already_shared":true,"jetpack_social_options":{"image_generator_settings":{"template":"highway","default_image_id":0,"font":"","enabled":false},"version":2},"_links_to":"","_links_to_target":""},"categories":[6],"tags":[111,113,114,115,116,26,27],"class_list":["post-2739","post","type-post","status-publish","format-standard","hentry","category-meldungen","tag-cdu","tag-cdu-offenburg","tag-demokratie","tag-ferienprogramm","tag-jugend","tag-offenburg","tag-ortenau"],"jetpack_publicize_connections":[],"jetpack_featured_media_url":"","jetpack_sharing_enabled":true,"jetpack_shortlink":"https:\/\/wp.me\/p4o1NU-Ib","_links":{"self":[{"href":"https:\/\/linksjugend-solid-bw.de\/ortenau\/wp-json\/wp\/v2\/posts\/2739","targetHints":{"allow":["GET"]}}],"collection":[{"href":"https:\/\/linksjugend-solid-bw.de\/ortenau\/wp-json\/wp\/v2\/posts"}],"about":[{"href":"https:\/\/linksjugend-solid-bw.de\/ortenau\/wp-json\/wp\/v2\/types\/post"}],"author":[{"embeddable":true,"href":"https:\/\/linksjugend-solid-bw.de\/ortenau\/wp-json\/wp\/v2\/users\/102"}],"replies":[{"embeddable":true,"href":"https:\/\/linksjugend-solid-bw.de\/ortenau\/wp-json\/wp\/v2\/comments?post=2739"}],"version-history":[{"count":11,"href":"https:\/\/linksjugend-solid-bw.de\/ortenau\/wp-json\/wp\/v2\/posts\/2739\/revisions"}],"predecessor-version":[{"id":2750,"href":"https:\/\/linksjugend-solid-bw.de\/ortenau\/wp-json\/wp\/v2\/posts\/2739\/revisions\/2750"}],"wp:attachment":[{"href":"https:\/\/linksjugend-solid-bw.de\/ortenau\/wp-json\/wp\/v2\/media?parent=2739"}],"wp:term":[{"taxonomy":"category","embeddable":true,"href":"https:\/\/linksjugend-solid-bw.de\/ortenau\/wp-json\/wp\/v2\/categories?post=2739"},{"taxonomy":"post_tag","embeddable":true,"href":"https:\/\/linksjugend-solid-bw.de\/ortenau\/wp-json\/wp\/v2\/tags?post=2739"}],"curies":[{"name":"wp","href":"https:\/\/api.w.org\/{rel}","templated":true}]}}