{"id":2915,"date":"2024-01-25T19:49:16","date_gmt":"2024-01-25T17:49:16","guid":{"rendered":"https:\/\/linksjugend-solid-bw.de\/ortenau\/?p=2915"},"modified":"2024-01-25T19:49:16","modified_gmt":"2024-01-25T17:49:16","slug":"solidaritaet-mit-den-streikenden-bei-der-bahn","status":"publish","type":"post","link":"https:\/\/linksjugend-solid-bw.de\/ortenau\/2024\/01\/25\/solidaritaet-mit-den-streikenden-bei-der-bahn\/","title":{"rendered":"Solidarit\u00e4t mit den Streikenden bei der Bahn!"},"content":{"rendered":"<div class=\"wp-block-image\">\n<figure class=\"alignleft size-full is-resized\"><a href=\"https:\/\/linksjugend-solid-bw.de\/ortenau\/wp-content\/uploads\/sites\/5\/2024\/01\/robert.jpg.jpeg\"><img loading=\"lazy\" decoding=\"async\" width=\"887\" height=\"961\" src=\"https:\/\/linksjugend-solid-bw.de\/ortenau\/wp-content\/uploads\/sites\/5\/2024\/01\/robert.jpg.jpeg\" alt=\"\" class=\"wp-image-2916\" style=\"width:191px;height:auto\" srcset=\"https:\/\/linksjugend-solid-bw.de\/ortenau\/wp-content\/uploads\/sites\/5\/2024\/01\/robert.jpg.jpeg 887w, https:\/\/linksjugend-solid-bw.de\/ortenau\/wp-content\/uploads\/sites\/5\/2024\/01\/robert.jpg-277x300.jpeg 277w, https:\/\/linksjugend-solid-bw.de\/ortenau\/wp-content\/uploads\/sites\/5\/2024\/01\/robert.jpg-768x832.jpeg 768w\" sizes=\"auto, (max-width: 887px) 100vw, 887px\" \/><\/a><\/figure><\/div>\n\n\n<blockquote class=\"wp-block-quote is-layout-flow wp-block-quote-is-layout-flow\">\n<p>&#8222;F\u00fcr die Verkehrswende und die Entlastung von uns Arbeiter:innen bei der Bahn fordern wir eine 35h Woche!&#8220;<\/p>\n<cite>Robert Kirschner (Lokf\u00fchrer und Mitglied Linksjugend Ortenau)<\/cite><\/blockquote>\n\n\n\n<p>Es ist wieder soweit: die GDL&#8216; streikt!<br>Die dadurch entstehenden Ausf\u00e4lle bei der Bahn sind nervig und bedeuten f\u00fcr viele Menschen extra Stress.<br>Doch anstatt sich deswegen \u00fcber die Streikenden und die Gewerkschaft aufzuregen, lohnt sich ein genauerer Blick auf die Hintergr\u00fcnde des Streiks.<br>Es gibt wohl kaum Eisenbahner:innen, die aus Spa\u00df streiken. Viele Menschen, die bei der Eisenbahn arbeiten machen ihren Job aus Leidenschaft und damit Menschen und G\u00fcter an ihr Ziel kommen. Doch warum genau streiken jetzt die Eisenbahner:innen?<br>Das hat mehrere Gr\u00fcnde:<br>Zum Beispiel wird die Belastung f\u00fcr die Eisenbahner*innen durch fehlenden Nachwuchs immer gr\u00f6\u00dfer. Um den Job attraktiver zu machen, fordert die GDL deswegen eine Absenkung auf 35 Stunden und die Einf\u00fchrung einer 5 Tage Woche, au\u00dferdem eine Erh\u00f6hung um 555\u20ac und Erh\u00f6hung der Zulagen.<br>Aber bevor man sich jetzt fragt \u201ewer soll das denn alles bezahlen?\u201c sollte man eher nach der Finanzierung f\u00fcr das Jahresgehalt von Bahnchef Lutz (2,24 Millionen Euro) oder dem von Personalvorstand Seiler mit seinem 1,39 Millionen Euro fragen.<br>Dieses Geld haben nicht die Bahnchefs erwirtschaftet, sondern die Bahnmitarbeiter:innen an der Basis! Wer also in den n\u00e4chsten Tagen von Streik betroffen ist, sollte sich bewusst machen:<br>Nicht die Streikenden sind verantwortlich f\u00fcr die Ausf\u00e4lle im Bahnbetrieb, sondern die Arbeitgeber:innen, die sich weigern auf die Forderungen einzugehen und sich stattdessen lieber selber die Taschen vollschaufeln. Wie immer gilt auch hier: nach oben treten, statt zur Seite oder nach Unten.<br>Solidarit\u00e4t mit den Streikenden!<\/p>\n\n\n\n<p>&#8218; GDL: Gewerkschaft Deutscher Lokf\u00fchrer<\/p>\n","protected":false},"excerpt":{"rendered":"<p>&#8222;F\u00fcr die Verkehrswende und die Entlastung von uns Arbeiter:innen bei der Bahn fordern wir eine 35h Woche!&#8220; Robert Kirschner (Lokf\u00fchrer und Mitglied Linksjugend Ortenau) Es ist wieder soweit: die GDL&#8216; streikt!Die dadurch entstehenden Ausf\u00e4lle bei<\/p>\n","protected":false},"author":103,"featured_media":0,"comment_status":"open","ping_status":"open","sticky":false,"template":"","format":"standard","meta":{"jetpack_post_was_ever_published":false,"_jetpack_newsletter_access":"","_jetpack_dont_email_post_to_subs":false,"_jetpack_newsletter_tier_id":0,"_jetpack_memberships_contains_paywalled_content":false,"_jetpack_memberships_contains_paid_content":false,"footnotes":"","jetpack_publicize_message":"","jetpack_publicize_feature_enabled":true,"jetpack_social_post_already_shared":true,"jetpack_social_options":{"image_generator_settings":{"template":"highway","default_image_id":0,"font":"","enabled":false},"version":2},"_links_to":"","_links_to_target":""},"categories":[39,86],"tags":[55],"class_list":["post-2915","post","type-post","status-publish","format-standard","hentry","category-arbeiterbewegung","category-verkehrswende","tag-nahverkehr"],"jetpack_publicize_connections":[],"jetpack_featured_media_url":"","jetpack_sharing_enabled":true,"jetpack_shortlink":"https:\/\/wp.me\/p4o1NU-L1","_links":{"self":[{"href":"https:\/\/linksjugend-solid-bw.de\/ortenau\/wp-json\/wp\/v2\/posts\/2915","targetHints":{"allow":["GET"]}}],"collection":[{"href":"https:\/\/linksjugend-solid-bw.de\/ortenau\/wp-json\/wp\/v2\/posts"}],"about":[{"href":"https:\/\/linksjugend-solid-bw.de\/ortenau\/wp-json\/wp\/v2\/types\/post"}],"author":[{"embeddable":true,"href":"https:\/\/linksjugend-solid-bw.de\/ortenau\/wp-json\/wp\/v2\/users\/103"}],"replies":[{"embeddable":true,"href":"https:\/\/linksjugend-solid-bw.de\/ortenau\/wp-json\/wp\/v2\/comments?post=2915"}],"version-history":[{"count":3,"href":"https:\/\/linksjugend-solid-bw.de\/ortenau\/wp-json\/wp\/v2\/posts\/2915\/revisions"}],"predecessor-version":[{"id":2919,"href":"https:\/\/linksjugend-solid-bw.de\/ortenau\/wp-json\/wp\/v2\/posts\/2915\/revisions\/2919"}],"wp:attachment":[{"href":"https:\/\/linksjugend-solid-bw.de\/ortenau\/wp-json\/wp\/v2\/media?parent=2915"}],"wp:term":[{"taxonomy":"category","embeddable":true,"href":"https:\/\/linksjugend-solid-bw.de\/ortenau\/wp-json\/wp\/v2\/categories?post=2915"},{"taxonomy":"post_tag","embeddable":true,"href":"https:\/\/linksjugend-solid-bw.de\/ortenau\/wp-json\/wp\/v2\/tags?post=2915"}],"curies":[{"name":"wp","href":"https:\/\/api.w.org\/{rel}","templated":true}]}}