{"id":2991,"date":"2024-08-29T04:08:46","date_gmt":"2024-08-29T02:08:46","guid":{"rendered":"https:\/\/linksjugend-solid-bw.de\/ortenau\/?p=2991"},"modified":"2024-08-29T04:08:46","modified_gmt":"2024-08-29T02:08:46","slug":"kundgebung-fuer-den-frieden-offenburg","status":"publish","type":"post","link":"https:\/\/linksjugend-solid-bw.de\/ortenau\/2024\/08\/29\/kundgebung-fuer-den-frieden-offenburg\/","title":{"rendered":"Kundgebung f\u00fcr den Frieden Offenburg"},"content":{"rendered":"\n<h4 class=\"wp-block-heading\">1.September, 13 Uhr | Fischmarkt Offenburg<\/h4>\n\n\n\n<p>85 Jahre nachdem die deutschen Faschisten den 2. Weltkrieg begonnen haben, soll Deutschland wieder \u201eKriegst\u00fcchtig\u201c werden. Aufr\u00fcstung und Militarisierung der Gesellschaft um jeden Preis. Dem wird alles andere untergeordnet. Kritiker dieser Politik werden diffamiert und ausgegrenzt, bis hin zu strafrechtlicher Verfolgung. Auch der Abbau demokratischer Rechte geh\u00f6rt zur Kriegsvorbereitung. Dem allem gilt es sich entschieden zu widersetzen. Vor allem, um das T\u00f6ten, die schweren Verletzungen, die Zerst\u00f6rungen, das Leid und Elend der Menschen in der Ukraine und anderswo zu beenden und die Gefahr eines gro\u00dfen Krieges in Europa zu bannen.<\/p>\n\n\n\n<h4 class=\"wp-block-heading\">Kriegsrhetorik wird immer schriller<\/h4>\n\n\n\n<p>Trotz Demonstrationen und Appellen an den Bundeskanzler schnell auf einen Waffenstillstand zu dr\u00e4ngen und Friedensverhandlungen zu vermitteln wird der Krieg in der Ukraine weiter eskaliert und immer mehr Waffen geliefert. Selbstgesetzte \u201erote Linien\u201c werden regelm\u00e4\u00dfig \u00fcberschritten. Und die Kriegsrhetorik von Bundesregierung und Teilen der Opposition wird immer schriller. Gleichzeitig wird der Jugend mit einer neuen Wehrpflicht gedroht.<\/p>\n\n\n\n<h4 class=\"wp-block-heading\">Freiheit f\u00fcr Pal\u00e4stina<\/h4>\n\n\n\n<p>Auch f\u00fcr das unermessliche Leid der Zivilbev\u00f6lkerung in Gaza tr\u00e4gt die Bundesregierung durch ihre Waffenlieferungen an Israel eine Mitverantwortung. In Gaza sind 40.000 Tote und \u00fcber 80.000 Verwundete zu beklagen. \u00dcber 500.000 leiden an Hunger und t\u00e4glich fallen Bomben. Trotz der langen K\u00e4mpfe und der vielen Opfer sind die israelischen Geiseln nicht befreit und die Hamas nicht besiegt. Der Krieg nimmt kein Ende. T\u00e4glich steigt deshalb die Gefahr eines Fl\u00e4chenbrands und die Kriegsgefahr mit gr\u00f6\u00dferen Kampfhandlungen in Libanon und Nordisrael nimmt zu. Die Regierung Netanjahu zieht diesen Krieg in die L\u00e4nge ohne eine Idee zu haben wie dieser Krieg enden k\u00f6nnte. Dieser Krieg n\u00fctzt niemandem &#8211; weder den Pal\u00e4stinenser:innen, noch den Israelis. Der Krieg muss so schnell wie m\u00f6glich enden.<\/p>\n\n\n\n<h4 class=\"wp-block-heading\">Krieg wird auf dem R\u00fccken der Arbeiter:innenklasse ausgetragen<\/h4>\n\n\n\n<p>In diesem Krieg und all den anderen sind die Menschen, die am meisten darunter leiden die normale Bev\u00f6lkerung. Auf dem R\u00fccken der Arbeiterklasse werden diese grausamen Konflikte ausgetragen. Unsere Solidarit\u00e4t gilt deswegen den Menschen, die unter den Kriegen leiden! Ob in der Ukraine, in Gaza, in Russland oder anderswo auf der Welt.<\/p>\n\n\n\n<p>Deshalb ruft Die Linke Ortenau gemeinsam mit der Linksjugend Ortenau auf, sich an der Kundgebung zum<strong> Antikriegstag 2024 am 1. September, 13 Uhr<\/strong> auf dem<strong> Offenburger Rathausplatz<\/strong> zu beteiligen.<\/p>\n\n\n\n<p>Frieden braucht ein Europa, das an einer gesamteurop\u00e4ischen Sicherheitsarchitektur arbeitet, kein Europa, das seine Mauern immer h\u00f6her zieht und durch seine Abschottungspolitik den Tod Hunderttausender Menschen zu verantworten hat.<\/p>\n\n\n\n<p>Wir sagen Nein zu Aufr\u00fcstung und Krieg! Wir brauchen eine Politik des Friedens und der Diplomatie. Auch um die sozialen und wirtschaftlichen Probleme und den Kampf gegen die Klimakatastrophe kraftvoll angehen zu k\u00f6nnen.<\/p>\n\n\n\n<h4 class=\"wp-block-heading\">Forderungen<\/h4>\n\n\n\n<p>Wir fordern daher denn Stopp aller Waffenlieferungen und Auslandseins\u00e4tze der Bundeswehr. Stattdessen braucht Einsatz f\u00fcr Verhandlungen und Waffenruhen.<br>Schluss mit der Aufr\u00fcstung, stattdessen Geld f\u00fcr Soziales, Klimaschutz und Bildung!<br>Wir werden au\u00dferdem <strong>mit allen Mitteln gegen die Wiedereinsetzung der Wehrpflicht k\u00e4mpfen<\/strong>. Sand ins Getriebe der milit\u00e4rischen Rekrutierungsmaschinerie!<\/p>\n\n\n\n<p>F\u00fcr Gaza braucht es au\u00dferdem den Einsatz f\u00fcr eine \u00d6ffnung der Grenz\u00fcberg\u00e4nge zur Versorgung der Zivilbev\u00f6lkerung.<\/p>\n\n\n\n<p>Wir fordern au\u00dferdem von der Bundesregierung Pal\u00e4stina als Staat anzuerkennen &#8211; so wie es viele andere Staaten in letzter Zeit gemacht haben. Es braucht endlich eine politische und gerechte L\u00f6sung dieses Konflikts f\u00fcr Sicherheit und Frieden in Israel, Pal\u00e4stina und f\u00fcr alle Menschen, die in der Region leben.<br>Kommt zur Kundgebung zum Antikriegstag 2024.<\/p>\n\n\n\n<p>1.September, 13 Uhr vor dem Rathaus in Offenburg.<\/p>\n","protected":false},"excerpt":{"rendered":"<p>1.September, 13 Uhr | Fischmarkt Offenburg 85 Jahre nachdem die deutschen Faschisten den 2. Weltkrieg begonnen haben, soll Deutschland wieder \u201eKriegst\u00fcchtig\u201c werden. Aufr\u00fcstung und Militarisierung der Gesellschaft um jeden Preis. Dem wird alles andere untergeordnet.<\/p>\n","protected":false},"author":103,"featured_media":0,"comment_status":"open","ping_status":"open","sticky":false,"template":"","format":"standard","meta":{"jetpack_post_was_ever_published":false,"_jetpack_newsletter_access":"","_jetpack_dont_email_post_to_subs":false,"_jetpack_newsletter_tier_id":0,"_jetpack_memberships_contains_paywalled_content":false,"_jetpack_memberships_contains_paid_content":false,"footnotes":"","jetpack_publicize_message":"","jetpack_publicize_feature_enabled":true,"jetpack_social_post_already_shared":true,"jetpack_social_options":{"image_generator_settings":{"template":"highway","default_image_id":0,"font":"","enabled":false},"version":2},"_links_to":"","_links_to_target":""},"categories":[1],"tags":[],"class_list":["post-2991","post","type-post","status-publish","format-standard","hentry","category-uncategorized"],"jetpack_publicize_connections":[],"jetpack_featured_media_url":"","jetpack_sharing_enabled":true,"jetpack_shortlink":"https:\/\/wp.me\/p4o1NU-Mf","_links":{"self":[{"href":"https:\/\/linksjugend-solid-bw.de\/ortenau\/wp-json\/wp\/v2\/posts\/2991","targetHints":{"allow":["GET"]}}],"collection":[{"href":"https:\/\/linksjugend-solid-bw.de\/ortenau\/wp-json\/wp\/v2\/posts"}],"about":[{"href":"https:\/\/linksjugend-solid-bw.de\/ortenau\/wp-json\/wp\/v2\/types\/post"}],"author":[{"embeddable":true,"href":"https:\/\/linksjugend-solid-bw.de\/ortenau\/wp-json\/wp\/v2\/users\/103"}],"replies":[{"embeddable":true,"href":"https:\/\/linksjugend-solid-bw.de\/ortenau\/wp-json\/wp\/v2\/comments?post=2991"}],"version-history":[{"count":2,"href":"https:\/\/linksjugend-solid-bw.de\/ortenau\/wp-json\/wp\/v2\/posts\/2991\/revisions"}],"predecessor-version":[{"id":2993,"href":"https:\/\/linksjugend-solid-bw.de\/ortenau\/wp-json\/wp\/v2\/posts\/2991\/revisions\/2993"}],"wp:attachment":[{"href":"https:\/\/linksjugend-solid-bw.de\/ortenau\/wp-json\/wp\/v2\/media?parent=2991"}],"wp:term":[{"taxonomy":"category","embeddable":true,"href":"https:\/\/linksjugend-solid-bw.de\/ortenau\/wp-json\/wp\/v2\/categories?post=2991"},{"taxonomy":"post_tag","embeddable":true,"href":"https:\/\/linksjugend-solid-bw.de\/ortenau\/wp-json\/wp\/v2\/tags?post=2991"}],"curies":[{"name":"wp","href":"https:\/\/api.w.org\/{rel}","templated":true}]}}