{"id":405,"date":"2013-08-06T10:38:49","date_gmt":"2013-08-06T10:38:49","guid":{"rendered":"http:\/\/linksjugendsolidortenau.wordpress.com\/?p=405"},"modified":"2013-08-06T10:38:49","modified_gmt":"2013-08-06T10:38:49","slug":"gegen-uberproduktion-arbeitslosigkeit-und-schufterei","status":"publish","type":"post","link":"https:\/\/linksjugend-solid-bw.de\/ortenau\/2013\/08\/06\/gegen-uberproduktion-arbeitslosigkeit-und-schufterei\/","title":{"rendered":"GEGEN \u00dcBERPRODUKTION, ARBEITSLOSIGKEIT UND SCHUFTEREI"},"content":{"rendered":"<p>Am 18 Januar 1919 versammelten sich die Anarchosyndikalistischen(Anarchismus=Herrschaftsfrei, Anarchisten wollen eine Gesellschaft die von der Basis organisiert wird\/ Syndikat=Gewerkschaft oder Rat) Arbeiter von Dortmund und verabschiedeten eine Resolution, in der sie unter anderem die Einf\u00fchrung der 6 stunden Schicht forderten, da die Arbeiter wie heute 8-10 Stunden schuften mussten, w\u00e4hrend die Arbeitslosen vor den Werkstoren standen und keine Arbeit erhielten. Die Mehrheit der Bev\u00f6lkerung in Dortmund schloss sich den Forderungen an und da es in anderen St\u00e4dten des Ruhrpotts und des M\u00fcnsterlandes \u00e4hnlich aussah, verbreitete sich der Ruf nach dem 6 Stundentag wie ein Lauffeuer, was eine rasch anwachsende Bewegung zur Folge hatte.<br \/>\nDie Arbeiter besetzten sogar einen gro\u00dfen Anteil der Betriebe und strukturierten diese in 4-6 Stunden Schichten. Es lief unter Verwaltung der Arbeiter besser, als unter der Kontrolle des Staates und der Konzerne. Die Werkt\u00e4tigen arbeiteten effizienter, da sie dank der 6 stunden Schicht nicht so m\u00fcde waren,die Arbeitslosen konnten in den nun entstandenen Schichten arbeiten und nat\u00fcrlich war es viel humaner 6 statt 8 stunden zu arbeiten. Auch die Selbstverwaltung (Es gab keine Chefs oder Politiker die etwas zu sagen hatten, alles wurde in Versammlungen untereinander besprochen) wirkte sich positiv auf das Leben der Menschen und die Produktivit\u00e4t aus.Die SPD Regierung die sich nicht f\u00fcr die N\u00f6te und W\u00fcnsche der Arbeiter, Bauern und Arbeitslosen interessierte, beendete dieses sch\u00f6ne Leben schon ein Jahr sp\u00e4ter blutig.<br \/>\nDoch eines bewies die Kommune von Dortmund auf alle F\u00e4lle:<br \/>\n6 Stunden Tag und Selbstverwaltung\/Anarchismus sind realistisch und in einer Zeit in der Kapitalismus und Staat wieder Massenarbeitslosigkeit und Hunger nach Europa bringen, sogar notwendige Ziele.<\/p>\n<p>Linksjugend Ortenau \u2013 f\u00fcr Basisdemokratie und 6 Stundentag<\/p>\n<p style=\"text-align:right\">Von Fionn<\/p>\n","protected":false},"excerpt":{"rendered":"<p>Am 18 Januar 1919 versammelten sich die Anarchosyndikalistischen(Anarchismus=Herrschaftsfrei, Anarchisten wollen eine Gesellschaft die von der Basis organisiert wird\/ Syndikat=Gewerkschaft oder Rat) Arbeiter von Dortmund und verabschiedeten eine Resolution, in der sie unter anderem die Einf\u00fchrung<\/p>\n","protected":false},"author":1,"featured_media":0,"comment_status":"open","ping_status":"open","sticky":false,"template":"","format":"standard","meta":{"jetpack_post_was_ever_published":false,"_jetpack_newsletter_access":"","_jetpack_dont_email_post_to_subs":false,"_jetpack_newsletter_tier_id":0,"_jetpack_memberships_contains_paywalled_content":false,"_jetpack_memberships_contains_paid_content":false,"footnotes":"","jetpack_publicize_message":"","jetpack_publicize_feature_enabled":true,"jetpack_social_post_already_shared":true,"jetpack_social_options":{"image_generator_settings":{"template":"highway","default_image_id":0,"font":"","enabled":false},"version":2},"_links_to":"","_links_to_target":""},"categories":[1],"tags":[],"class_list":["post-405","post","type-post","status-publish","format-standard","hentry","category-uncategorized"],"jetpack_publicize_connections":[],"jetpack_featured_media_url":"","jetpack_sharing_enabled":true,"jetpack_shortlink":"https:\/\/wp.me\/p4o1NU-6x","_links":{"self":[{"href":"https:\/\/linksjugend-solid-bw.de\/ortenau\/wp-json\/wp\/v2\/posts\/405","targetHints":{"allow":["GET"]}}],"collection":[{"href":"https:\/\/linksjugend-solid-bw.de\/ortenau\/wp-json\/wp\/v2\/posts"}],"about":[{"href":"https:\/\/linksjugend-solid-bw.de\/ortenau\/wp-json\/wp\/v2\/types\/post"}],"author":[{"embeddable":true,"href":"https:\/\/linksjugend-solid-bw.de\/ortenau\/wp-json\/wp\/v2\/users\/1"}],"replies":[{"embeddable":true,"href":"https:\/\/linksjugend-solid-bw.de\/ortenau\/wp-json\/wp\/v2\/comments?post=405"}],"version-history":[{"count":0,"href":"https:\/\/linksjugend-solid-bw.de\/ortenau\/wp-json\/wp\/v2\/posts\/405\/revisions"}],"wp:attachment":[{"href":"https:\/\/linksjugend-solid-bw.de\/ortenau\/wp-json\/wp\/v2\/media?parent=405"}],"wp:term":[{"taxonomy":"category","embeddable":true,"href":"https:\/\/linksjugend-solid-bw.de\/ortenau\/wp-json\/wp\/v2\/categories?post=405"},{"taxonomy":"post_tag","embeddable":true,"href":"https:\/\/linksjugend-solid-bw.de\/ortenau\/wp-json\/wp\/v2\/tags?post=405"}],"curies":[{"name":"wp","href":"https:\/\/api.w.org\/{rel}","templated":true}]}}