{"id":797,"date":"2014-10-07T22:32:07","date_gmt":"2014-10-07T22:32:07","guid":{"rendered":"http:\/\/linksjugend-solid-bw.de\/ortenau\/?p=797"},"modified":"2014-10-07T22:32:07","modified_gmt":"2014-10-07T22:32:07","slug":"ukraine-spielball-der-weltmachte","status":"publish","type":"post","link":"https:\/\/linksjugend-solid-bw.de\/ortenau\/2014\/10\/07\/ukraine-spielball-der-weltmachte\/","title":{"rendered":"Ukraine &#8211; Spielball der Weltm\u00e4chte?"},"content":{"rendered":"<p>Der ukrainische Pr\u00e4sident Janukowitsch hat das Assoziationsabkommen mit der EU nicht unterzeichnet. Das war der Anlass f\u00fcr massive Proteste, die letztlich zu seinem Sturz f\u00fchrten. Welche Gr\u00fcnde gab es f\u00fcr die Entscheidung gegen das Assoziierungsabkommen? Welche Ursachen gab es f\u00fcr die starke Protestbewegung und wie hat sie sich politisch entwickelt? Wie stark sind ukrainische Faschisten und Nationalisten in dieser Bewegung? Warum wurden undwerden sie von deutschen Medien und Parteien wie den Gr\u00fcnen und der CDU systematisch totgeschwiegen bzw. kleingeredet? Welche Rolle spielt die allgemeine Oligarchisierung in der ukrainischen Politik? Welchen Einfluss haben die Interessen der NATO und der EU beziehungsweise der USA und Deutschland auf der einen und Russland auf der anderen Seite?<br \/>\nTobias Pfl\u00fcger\u00a0informiert und diskutiert \u00fcber Hintergr\u00fcnde und aktuelle Entwicklungen in dem Konflikt.\u00a0Er\u00a0ist StellvertretenderParteivorsitzender der LINKEN. Tobias Pfl\u00fcger ist ein bundesweit bekannter Friedenskativist und Publizist im Bereich Frieden- und Sicherheitspolitik. Von 2004 bis 2009 war er Mitglied des Europ\u00e4ischen Parlamentes<\/p>\n<p>&nbsp;<\/p>\n<p>Eine Veranstaltung mit\u00a0Tobias Pfl\u00fcger<br \/>\nVeranstalterin: Partei DIE LINKE. Ortenau und Linksjugend solid. Ortenau<br \/>\nTermin: 17.10.2014<\/p>\n<p>Uhrzeit: 19:30Uhr<\/p>\n<p>Veranstaltungsort: &#8222;Zum Zarko&#8220;, Schillerstra\u00dfe 3 \u00a0in Lahr<\/p>\n<p>&nbsp;<\/p>\n<p><a href=\"http:\/\/linksjugend-solid-bw.de\/ortenau\/wp-content\/uploads\/sites\/5\/2014\/10\/Flyer1.jpg\"><img loading=\"lazy\" decoding=\"async\" class=\"size-medium wp-image-798 alignleft\" src=\"http:\/\/linksjugend-solid-bw.de\/ortenau\/wp-content\/uploads\/sites\/5\/2014\/10\/Flyer1-300x213.jpg\" alt=\"plakat_E0420x0594_D0426x0600_2S.indd\" width=\"300\" height=\"213\" srcset=\"https:\/\/linksjugend-solid-bw.de\/ortenau\/wp-content\/uploads\/sites\/5\/2014\/10\/Flyer1-300x213.jpg 300w, https:\/\/linksjugend-solid-bw.de\/ortenau\/wp-content\/uploads\/sites\/5\/2014\/10\/Flyer1.jpg 1000w\" sizes=\"auto, (max-width: 300px) 100vw, 300px\" \/><\/a> <a href=\"http:\/\/linksjugend-solid-bw.de\/ortenau\/wp-content\/uploads\/sites\/5\/2014\/10\/Plakat.jpg\"><img loading=\"lazy\" decoding=\"async\" class=\"size-medium wp-image-799 aligncenter\" src=\"http:\/\/linksjugend-solid-bw.de\/ortenau\/wp-content\/uploads\/sites\/5\/2014\/10\/Plakat-213x300.jpg\" alt=\"plakat_E0420x0594_D0426x0600_2S.indd\" width=\"213\" height=\"300\" srcset=\"https:\/\/linksjugend-solid-bw.de\/ortenau\/wp-content\/uploads\/sites\/5\/2014\/10\/Plakat-213x300.jpg 213w, https:\/\/linksjugend-solid-bw.de\/ortenau\/wp-content\/uploads\/sites\/5\/2014\/10\/Plakat.jpg 710w\" sizes=\"auto, (max-width: 213px) 100vw, 213px\" \/><\/a><\/p>\n","protected":false},"excerpt":{"rendered":"<p>Der ukrainische Pr\u00e4sident Janukowitsch hat das Assoziationsabkommen mit der EU nicht unterzeichnet. Das war der Anlass f\u00fcr massive Proteste, die letztlich zu seinem Sturz f\u00fchrten. Welche Gr\u00fcnde gab es f\u00fcr die Entscheidung gegen das Assoziierungsabkommen?<\/p>\n","protected":false},"author":9,"featured_media":0,"comment_status":"open","ping_status":"open","sticky":false,"template":"","format":"standard","meta":{"jetpack_post_was_ever_published":false,"_jetpack_newsletter_access":"","_jetpack_dont_email_post_to_subs":false,"_jetpack_newsletter_tier_id":0,"_jetpack_memberships_contains_paywalled_content":false,"_jetpack_memberships_contains_paid_content":false,"footnotes":"","jetpack_publicize_message":"","jetpack_publicize_feature_enabled":true,"jetpack_social_post_already_shared":true,"jetpack_social_options":{"image_generator_settings":{"template":"highway","default_image_id":0,"font":"","enabled":false},"version":2},"_links_to":"","_links_to_target":""},"categories":[41,7],"tags":[],"class_list":["post-797","post","type-post","status-publish","format-standard","hentry","category-antifaschismus","category-veranstaltungen"],"jetpack_publicize_connections":[],"jetpack_featured_media_url":"","jetpack_sharing_enabled":true,"jetpack_shortlink":"https:\/\/wp.me\/p4o1NU-cR","_links":{"self":[{"href":"https:\/\/linksjugend-solid-bw.de\/ortenau\/wp-json\/wp\/v2\/posts\/797","targetHints":{"allow":["GET"]}}],"collection":[{"href":"https:\/\/linksjugend-solid-bw.de\/ortenau\/wp-json\/wp\/v2\/posts"}],"about":[{"href":"https:\/\/linksjugend-solid-bw.de\/ortenau\/wp-json\/wp\/v2\/types\/post"}],"author":[{"embeddable":true,"href":"https:\/\/linksjugend-solid-bw.de\/ortenau\/wp-json\/wp\/v2\/users\/9"}],"replies":[{"embeddable":true,"href":"https:\/\/linksjugend-solid-bw.de\/ortenau\/wp-json\/wp\/v2\/comments?post=797"}],"version-history":[{"count":1,"href":"https:\/\/linksjugend-solid-bw.de\/ortenau\/wp-json\/wp\/v2\/posts\/797\/revisions"}],"predecessor-version":[{"id":800,"href":"https:\/\/linksjugend-solid-bw.de\/ortenau\/wp-json\/wp\/v2\/posts\/797\/revisions\/800"}],"wp:attachment":[{"href":"https:\/\/linksjugend-solid-bw.de\/ortenau\/wp-json\/wp\/v2\/media?parent=797"}],"wp:term":[{"taxonomy":"category","embeddable":true,"href":"https:\/\/linksjugend-solid-bw.de\/ortenau\/wp-json\/wp\/v2\/categories?post=797"},{"taxonomy":"post_tag","embeddable":true,"href":"https:\/\/linksjugend-solid-bw.de\/ortenau\/wp-json\/wp\/v2\/tags?post=797"}],"curies":[{"name":"wp","href":"https:\/\/api.w.org\/{rel}","templated":true}]}}