{"id":278,"date":"2018-11-05T21:31:42","date_gmt":"2018-11-05T20:31:42","guid":{"rendered":"http:\/\/linksjugend-solid-bw.de\/ravensburg\/?p=278"},"modified":"2018-11-05T21:40:06","modified_gmt":"2018-11-05T20:40:06","slug":"278","status":"publish","type":"post","link":"https:\/\/linksjugend-solid-bw.de\/ravensburg\/2018\/11\/05\/278\/","title":{"rendered":"Spontaner Protest gegen die Alternative f\u00fcr Deutschland!"},"content":{"rendered":"<p>Gestern war die sog. \u201eAlternative f\u00fcr Deutschland\u201c in der Ravensburger Innenstadt mit einem Stand vertreten. Einige unserer Mitglieder waren nat\u00fcrlich sofort zur Stelle und stellten sich demonstrativ mit einem Banner gegen diese Wutb\u00fcrger. Dabei kamen wir auch mit ihnen ins Gespr\u00e4ch und bekamen auf die Frage wie man einen Deutschen definiert, die Antwort: \u201e\u00fcbers Blut\u201d. Blutsdeutsch ist ein Begriff der Nationalsozialisten und zeigt auch hier wieder die wahre Fratze des Hasses. Selbst wenn noch vor zwei Wochen 2500 Menschen gemeinsam gegen einen Rechtsruck und f\u00fcr ein belebtes Miteinander demonstrierten, hei\u00dft das nicht, dass der Kampf gegen die AfD damit gewonnen ist. Wir werden immer, wenn wir es f\u00fcr n\u00f6tig halten gegen Rassismus und Antisemitismus aufstehen!\u00a0<a href=\"http:\/\/linksjugend-solid-bw.de\/ravensburg\/wp-content\/uploads\/sites\/25\/2018\/11\/samstag.jpg\"><img loading=\"lazy\" decoding=\"async\" class=\"alignleft size-large wp-image-279\" src=\"http:\/\/linksjugend-solid-bw.de\/ravensburg\/wp-content\/uploads\/sites\/25\/2018\/11\/samstag-1024x576.jpg\" alt=\"\" width=\"860\" height=\"484\" srcset=\"https:\/\/linksjugend-solid-bw.de\/ravensburg\/wp-content\/uploads\/sites\/25\/2018\/11\/samstag-1024x576.jpg 1024w, https:\/\/linksjugend-solid-bw.de\/ravensburg\/wp-content\/uploads\/sites\/25\/2018\/11\/samstag-300x169.jpg 300w, https:\/\/linksjugend-solid-bw.de\/ravensburg\/wp-content\/uploads\/sites\/25\/2018\/11\/samstag-768x432.jpg 768w, https:\/\/linksjugend-solid-bw.de\/ravensburg\/wp-content\/uploads\/sites\/25\/2018\/11\/samstag.jpg 1555w\" sizes=\"auto, (max-width: 860px) 100vw, 860px\" \/><\/a><\/p>\n","protected":false},"excerpt":{"rendered":"<p>Gestern war die sog. \u201eAlternative f\u00fcr Deutschland\u201c in der Ravensburger Innenstadt mit einem Stand vertreten. Einige unserer Mitglieder waren nat\u00fcrlich sofort zur Stelle und stellten sich demonstrativ mit einem Banner gegen diese Wutb\u00fcrger. Dabei kamen<\/p>\n","protected":false},"author":86,"featured_media":0,"comment_status":"open","ping_status":"open","sticky":false,"template":"","format":"standard","meta":{"jetpack_post_was_ever_published":false,"_jetpack_newsletter_access":"","_jetpack_dont_email_post_to_subs":false,"_jetpack_newsletter_tier_id":0,"_jetpack_memberships_contains_paywalled_content":false,"_jetpack_memberships_contains_paid_content":false,"footnotes":"","jetpack_publicize_message":"","jetpack_publicize_feature_enabled":true,"jetpack_social_post_already_shared":true,"jetpack_social_options":{"image_generator_settings":{"template":"highway","default_image_id":0,"font":"","enabled":false},"version":2},"_links_to":"","_links_to_target":""},"categories":[3,5],"tags":[23,22,8,9,25,24,16,10],"class_list":["post-278","post","type-post","status-publish","format-standard","hentry","category-aktionen","category-meldung","tag-fckafd","tag-fcknzs","tag-linksjugend","tag-linksjugend-solid","tag-ravensburg","tag-sozialismus","tag-wirsindmehr","tag-solid"],"jetpack_publicize_connections":[],"jetpack_featured_media_url":"","jetpack_sharing_enabled":true,"jetpack_shortlink":"https:\/\/wp.me\/s4o1qP-278","_links":{"self":[{"href":"https:\/\/linksjugend-solid-bw.de\/ravensburg\/wp-json\/wp\/v2\/posts\/278","targetHints":{"allow":["GET"]}}],"collection":[{"href":"https:\/\/linksjugend-solid-bw.de\/ravensburg\/wp-json\/wp\/v2\/posts"}],"about":[{"href":"https:\/\/linksjugend-solid-bw.de\/ravensburg\/wp-json\/wp\/v2\/types\/post"}],"author":[{"embeddable":true,"href":"https:\/\/linksjugend-solid-bw.de\/ravensburg\/wp-json\/wp\/v2\/users\/86"}],"replies":[{"embeddable":true,"href":"https:\/\/linksjugend-solid-bw.de\/ravensburg\/wp-json\/wp\/v2\/comments?post=278"}],"version-history":[{"count":3,"href":"https:\/\/linksjugend-solid-bw.de\/ravensburg\/wp-json\/wp\/v2\/posts\/278\/revisions"}],"predecessor-version":[{"id":282,"href":"https:\/\/linksjugend-solid-bw.de\/ravensburg\/wp-json\/wp\/v2\/posts\/278\/revisions\/282"}],"wp:attachment":[{"href":"https:\/\/linksjugend-solid-bw.de\/ravensburg\/wp-json\/wp\/v2\/media?parent=278"}],"wp:term":[{"taxonomy":"category","embeddable":true,"href":"https:\/\/linksjugend-solid-bw.de\/ravensburg\/wp-json\/wp\/v2\/categories?post=278"},{"taxonomy":"post_tag","embeddable":true,"href":"https:\/\/linksjugend-solid-bw.de\/ravensburg\/wp-json\/wp\/v2\/tags?post=278"}],"curies":[{"name":"wp","href":"https:\/\/api.w.org\/{rel}","templated":true}]}}