{"id":136,"date":"2018-10-10T18:23:19","date_gmt":"2018-10-10T18:23:19","guid":{"rendered":"http:\/\/linksjugend-solid-bw.de\/shaho\/?p=136"},"modified":"2018-10-10T18:34:24","modified_gmt":"2018-10-10T18:34:24","slug":"aktion-zum-hambi-kommt","status":"publish","type":"post","link":"https:\/\/linksjugend-solid-bw.de\/shaho\/2018\/10\/10\/aktion-zum-hambi-kommt\/","title":{"rendered":"Aktion zum Hambi kommt!"},"content":{"rendered":"<p>Am 13. Oktober 2018 starten wir unsere gro\u00dfe Aktion f\u00fcr den Hambacher Forst. Wir fordern selbstverst\u00e4ndlich dessen Erhalt, allerdings auch den Ausstieg aus der Kohleenergie und den Stopp von s\u00e4mtlichem Kohleabbau. Es ist ein Irrsinn, dass ein uralter Wald einem Energietr\u00e4ger weichen muss, welcher in ein paar Jahren vermutlich nicht mehr verwendet wird.<\/p>\n<p>Auch wenn sich am Ende gezeigt hat, dass RWE mit der Rodung und die Polizei mit dem Verbot einer Demo im Unrecht waren und nach einer Klage des BUND die Sachlage erst noch gepr\u00fcft werden muss, wurden dennoch wurden die Aktivist*innen aus dem Wald vertrieben und deren Baumh\u00e4user zerst\u00f6rt. Deshalb ist jetzt der richtige Zeitpunkt sich f\u00fcr den Erhalt des Hambi und f\u00fcr alle durch den Kohleabbau bedrohten Gebiete einzusetzen.<\/p>\n<p>Um 10.00 Uhr starten wir am Milchmarkt in Schw\u00e4bisch Hall unsere Aktion mit einem Flashmob und einem Infostand. Um 19.00 Uhr wird dann Wolfgang K\u00e4mmerer von der \u00f6kologischen Plattform der LINKEN das Thema in einem Vortrag beleuchten und einiges Hintergrundwissen vermitteln, im Haus der Bildung (Raum N 107).<\/p>\n<p>Wir freuen uns auf Euer kommen.<a href=\"http:\/\/linksjugend-solid-bw.de\/shaho\/wp-content\/uploads\/sites\/23\/2018\/10\/Ende-Gel\u00e4nde_png.png\"><img loading=\"lazy\" decoding=\"async\" class=\"alignnone size-full wp-image-137\" src=\"http:\/\/linksjugend-solid-bw.de\/shaho\/wp-content\/uploads\/sites\/23\/2018\/10\/Ende-Gel\u00e4nde_png.png\" alt=\"\" width=\"744\" height=\"527\" srcset=\"https:\/\/linksjugend-solid-bw.de\/shaho\/wp-content\/uploads\/sites\/23\/2018\/10\/Ende-Gel\u00e4nde_png.png 744w, https:\/\/linksjugend-solid-bw.de\/shaho\/wp-content\/uploads\/sites\/23\/2018\/10\/Ende-Gel\u00e4nde_png-300x213.png 300w\" sizes=\"auto, (max-width: 744px) 100vw, 744px\" \/><\/a><\/p>\n","protected":false},"excerpt":{"rendered":"<p>Am 13. Oktober 2018 starten wir unsere gro\u00dfe Aktion f\u00fcr den Hambacher Forst. Wir fordern selbstverst\u00e4ndlich dessen Erhalt, allerdings auch den Ausstieg aus der Kohleenergie und den Stopp von s\u00e4mtlichem Kohleabbau. Es ist ein Irrsinn,<\/p>\n","protected":false},"author":81,"featured_media":0,"comment_status":"open","ping_status":"open","sticky":false,"template":"","format":"standard","meta":{"jetpack_post_was_ever_published":false,"_jetpack_newsletter_access":"","_jetpack_dont_email_post_to_subs":false,"_jetpack_newsletter_tier_id":0,"_jetpack_memberships_contains_paywalled_content":false,"_jetpack_memberships_contains_paid_content":false,"footnotes":"","jetpack_publicize_message":"","jetpack_publicize_feature_enabled":true,"jetpack_social_post_already_shared":true,"jetpack_social_options":{"image_generator_settings":{"template":"highway","default_image_id":0,"font":"","enabled":false},"version":2},"_links_to":"","_links_to_target":""},"categories":[3,13],"tags":[],"class_list":["post-136","post","type-post","status-publish","format-standard","hentry","category-aktionen","category-hambacher-forst"],"jetpack_publicize_connections":[],"jetpack_featured_media_url":"","jetpack_sharing_enabled":true,"jetpack_shortlink":"https:\/\/wp.me\/p4o1qP-2c","_links":{"self":[{"href":"https:\/\/linksjugend-solid-bw.de\/shaho\/wp-json\/wp\/v2\/posts\/136","targetHints":{"allow":["GET"]}}],"collection":[{"href":"https:\/\/linksjugend-solid-bw.de\/shaho\/wp-json\/wp\/v2\/posts"}],"about":[{"href":"https:\/\/linksjugend-solid-bw.de\/shaho\/wp-json\/wp\/v2\/types\/post"}],"author":[{"embeddable":true,"href":"https:\/\/linksjugend-solid-bw.de\/shaho\/wp-json\/wp\/v2\/users\/81"}],"replies":[{"embeddable":true,"href":"https:\/\/linksjugend-solid-bw.de\/shaho\/wp-json\/wp\/v2\/comments?post=136"}],"version-history":[{"count":6,"href":"https:\/\/linksjugend-solid-bw.de\/shaho\/wp-json\/wp\/v2\/posts\/136\/revisions"}],"predecessor-version":[{"id":143,"href":"https:\/\/linksjugend-solid-bw.de\/shaho\/wp-json\/wp\/v2\/posts\/136\/revisions\/143"}],"wp:attachment":[{"href":"https:\/\/linksjugend-solid-bw.de\/shaho\/wp-json\/wp\/v2\/media?parent=136"}],"wp:term":[{"taxonomy":"category","embeddable":true,"href":"https:\/\/linksjugend-solid-bw.de\/shaho\/wp-json\/wp\/v2\/categories?post=136"},{"taxonomy":"post_tag","embeddable":true,"href":"https:\/\/linksjugend-solid-bw.de\/shaho\/wp-json\/wp\/v2\/tags?post=136"}],"curies":[{"name":"wp","href":"https:\/\/api.w.org\/{rel}","templated":true}]}}