{"id":733,"date":"2016-07-12T13:11:31","date_gmt":"2016-07-12T13:11:31","guid":{"rendered":"http:\/\/linksjugend-solid-bw.de\/stuttgart\/?p=733"},"modified":"2016-07-12T13:11:31","modified_gmt":"2016-07-12T13:11:31","slug":"verfassungsschutz-die-afd-muss-nicht-uberwacht-werden","status":"publish","type":"post","link":"https:\/\/linksjugend-solid-bw.de\/stuttgart\/2016\/07\/12\/verfassungsschutz-die-afd-muss-nicht-uberwacht-werden\/","title":{"rendered":"Verfassungsschutz &#8211; Die AfD muss nicht \u00fcberwacht werden"},"content":{"rendered":"<p>Kommentar von Sven &#8222;Gonzo&#8220; Fichtner, Sprecher Linksjugend [&#8217;solid] Stuttgart: Verfassungsschutz &#8211; Die AfD muss nicht \u00fcberwacht werden. RICHTIG: Die Idee, ein Geheimdienst (der den NSU aktiv unterst\u00fctzt hat) m\u00fcsse den Staat vor seinen Feinden von innen sch\u00fctzen, ist veraltet. Gegen Rechts\/Rassismus\/Antisemitismus hilft nur das entschiedene Eintreten \u00fcberzeugter B\u00fcrgerinnen und B\u00fcrger.<\/p>\n<p><a href=\"http:\/\/linksjugend-solid-bw.de\/stuttgart\/2016\/07\/12\/verfassungsschutz-die-afd-muss-nicht-uberwacht-werden\/verfasschungsschutzausstellung\/\" rel=\"attachment wp-att-734\"><img loading=\"lazy\" decoding=\"async\" class=\"alignnone size-medium wp-image-734\" src=\"http:\/\/linksjugend-solid-bw.de\/stuttgart\/wp-content\/uploads\/sites\/8\/2016\/07\/Verfasschungsschutzausstellung-300x233.png\" alt=\"Verfasschungsschutzausstellung\" width=\"300\" height=\"233\" srcset=\"https:\/\/linksjugend-solid-bw.de\/stuttgart\/wp-content\/uploads\/sites\/8\/2016\/07\/Verfasschungsschutzausstellung-300x233.png 300w, https:\/\/linksjugend-solid-bw.de\/stuttgart\/wp-content\/uploads\/sites\/8\/2016\/07\/Verfasschungsschutzausstellung.png 520w\" sizes=\"auto, (max-width: 300px) 100vw, 300px\" \/><\/a><\/p>\n","protected":false},"excerpt":{"rendered":"<p>Kommentar von Sven &#8222;Gonzo&#8220; Fichtner, Sprecher Linksjugend [&#8217;solid] Stuttgart: Verfassungsschutz &#8211; Die AfD muss nicht \u00fcberwacht werden. RICHTIG: Die Idee, ein Geheimdienst (der den NSU aktiv unterst\u00fctzt hat) m\u00fcsse den Staat vor seinen Feinden von<\/p>\n","protected":false},"author":25,"featured_media":0,"comment_status":"open","ping_status":"open","sticky":false,"template":"","format":"standard","meta":{"jetpack_post_was_ever_published":false,"_jetpack_newsletter_access":"","_jetpack_dont_email_post_to_subs":false,"_jetpack_newsletter_tier_id":0,"_jetpack_memberships_contains_paywalled_content":false,"_jetpack_memberships_contains_paid_content":false,"footnotes":"","jetpack_publicize_message":"","jetpack_publicize_feature_enabled":true,"jetpack_social_post_already_shared":true,"jetpack_social_options":{"image_generator_settings":{"template":"highway","default_image_id":0,"font":"","enabled":false},"version":2},"_links_to":"","_links_to_target":""},"categories":[2,5,4],"tags":[],"class_list":["post-733","post","type-post","status-publish","format-standard","hentry","category-bericht","category-pressemitteilung","category-stuttgart"],"jetpack_publicize_connections":[],"jetpack_featured_media_url":"","jetpack_shortlink":"https:\/\/wp.me\/p4pRGH-bP","jetpack_sharing_enabled":true,"_links":{"self":[{"href":"https:\/\/linksjugend-solid-bw.de\/stuttgart\/wp-json\/wp\/v2\/posts\/733","targetHints":{"allow":["GET"]}}],"collection":[{"href":"https:\/\/linksjugend-solid-bw.de\/stuttgart\/wp-json\/wp\/v2\/posts"}],"about":[{"href":"https:\/\/linksjugend-solid-bw.de\/stuttgart\/wp-json\/wp\/v2\/types\/post"}],"author":[{"embeddable":true,"href":"https:\/\/linksjugend-solid-bw.de\/stuttgart\/wp-json\/wp\/v2\/users\/25"}],"replies":[{"embeddable":true,"href":"https:\/\/linksjugend-solid-bw.de\/stuttgart\/wp-json\/wp\/v2\/comments?post=733"}],"version-history":[{"count":2,"href":"https:\/\/linksjugend-solid-bw.de\/stuttgart\/wp-json\/wp\/v2\/posts\/733\/revisions"}],"predecessor-version":[{"id":736,"href":"https:\/\/linksjugend-solid-bw.de\/stuttgart\/wp-json\/wp\/v2\/posts\/733\/revisions\/736"}],"wp:attachment":[{"href":"https:\/\/linksjugend-solid-bw.de\/stuttgart\/wp-json\/wp\/v2\/media?parent=733"}],"wp:term":[{"taxonomy":"category","embeddable":true,"href":"https:\/\/linksjugend-solid-bw.de\/stuttgart\/wp-json\/wp\/v2\/categories?post=733"},{"taxonomy":"post_tag","embeddable":true,"href":"https:\/\/linksjugend-solid-bw.de\/stuttgart\/wp-json\/wp\/v2\/tags?post=733"}],"curies":[{"name":"wp","href":"https:\/\/api.w.org\/{rel}","templated":true}]}}